{"id":3444,"date":"2012-10-03T11:53:57","date_gmt":"2012-10-03T14:53:57","guid":{"rendered":"http:\/\/archivosonoro.com.ar\/?p=3444"},"modified":"2012-10-03T11:53:57","modified_gmt":"2012-10-03T14:53:57","slug":"moyano-m-se-fue-despues-de-habernos-mentido-sin-que-nadie-la-culpe-de-nada","status":"publish","type":"post","link":"https:\/\/archivosonoro.com.ar\/wordpress\/?p=3444","title":{"rendered":"Moyano M: \u00abSe fue despu\u00e9s de habernos mentido sin que nadie la culpe de nada\u00bb."},"content":{"rendered":"<p>Desde la Uni\u00f3n de Enfermeros Fueguinos calificaron la renuncia de la Ministra Grieco \u00abcomo un paso necesario\u00bb y se espera un cambio del ejecutivo ante la presi\u00f3n ejercida por los trabajadores. \u00abSe fue despu\u00e9s de habernos mentido sin que nadie la culpe de nada. Se fue como vino, haciendo alarde de una verborragia exquisita que llen\u00f3 de excusas y mentiras para disfrazar una realidad. Han quedado los hospitales destru\u00eddos\u00bb, dijo M\u00f3nica Moyano y comparti\u00f3 la postura de ATSA en relaci\u00f3n a que si no hay un acuerdo en el plazo judicial establecido, retomar\u00e1n la medida de no realizar guardias ni horas extras.<br \/>\nEn FM Ritual, critic\u00f3 que el gobierno no lleva a la mesa de negociaci\u00f3n a nadie con poder de resoluci\u00f3n y habl\u00f3 de \u00abcontratos basura\u00bb en el sector de enfermer\u00eda. Del sector de los profesionales, afirm\u00f3 que no se ven intenciones de mejorar la oferta para que se queden o vengan nuevos y que el camino m\u00e1s f\u00e1cil es tercerizar las \u00e1reas cr\u00edticas. <\/p>\n","protected":false},"excerpt":{"rendered":"<p>Desde la Uni\u00f3n de Enfermeros Fueguinos calificaron la renuncia de la Ministra Grieco \u00abcomo un paso necesario\u00bb y se espera un cambio del ejecutivo ante la presi\u00f3n ejercida por los trabajadores. \u00abSe fue despu\u00e9s de habernos mentido sin que nadie la culpe de nada. Se fue como vino, haciendo alarde de una verborragia exquisita que [&hellip;]<\/p>\n","protected":false},"author":7,"featured_media":0,"comment_status":"open","ping_status":"open","sticky":false,"template":"","format":"standard","meta":{"footnotes":""},"categories":[542],"tags":[117,186,915],"class_list":["post-3444","post","type-post","status-publish","format-standard","hentry","category-fm-ritual","tag-atsa","tag-moyano","tag-union-de-enfermeros-fueguinos"],"_links":{"self":[{"href":"https:\/\/archivosonoro.com.ar\/wordpress\/index.php?rest_route=\/wp\/v2\/posts\/3444","targetHints":{"allow":["GET"]}}],"collection":[{"href":"https:\/\/archivosonoro.com.ar\/wordpress\/index.php?rest_route=\/wp\/v2\/posts"}],"about":[{"href":"https:\/\/archivosonoro.com.ar\/wordpress\/index.php?rest_route=\/wp\/v2\/types\/post"}],"author":[{"embeddable":true,"href":"https:\/\/archivosonoro.com.ar\/wordpress\/index.php?rest_route=\/wp\/v2\/users\/7"}],"replies":[{"embeddable":true,"href":"https:\/\/archivosonoro.com.ar\/wordpress\/index.php?rest_route=%2Fwp%2Fv2%2Fcomments&post=3444"}],"version-history":[{"count":1,"href":"https:\/\/archivosonoro.com.ar\/wordpress\/index.php?rest_route=\/wp\/v2\/posts\/3444\/revisions"}],"predecessor-version":[{"id":3445,"href":"https:\/\/archivosonoro.com.ar\/wordpress\/index.php?rest_route=\/wp\/v2\/posts\/3444\/revisions\/3445"}],"wp:attachment":[{"href":"https:\/\/archivosonoro.com.ar\/wordpress\/index.php?rest_route=%2Fwp%2Fv2%2Fmedia&parent=3444"}],"wp:term":[{"taxonomy":"category","embeddable":true,"href":"https:\/\/archivosonoro.com.ar\/wordpress\/index.php?rest_route=%2Fwp%2Fv2%2Fcategories&post=3444"},{"taxonomy":"post_tag","embeddable":true,"href":"https:\/\/archivosonoro.com.ar\/wordpress\/index.php?rest_route=%2Fwp%2Fv2%2Ftags&post=3444"}],"curies":[{"name":"wp","href":"https:\/\/api.w.org\/{rel}","templated":true}]}}