{"id":3420,"date":"2012-10-02T11:52:11","date_gmt":"2012-10-02T14:52:11","guid":{"rendered":"http:\/\/archivosonoro.com.ar\/?p=3420"},"modified":"2012-10-02T11:52:11","modified_gmt":"2012-10-02T14:52:11","slug":"perez-a-atsa-anuncia-manifestacion-frente-al-palco-en-el-desfile-del-aniversario-de-ushuaia","status":"publish","type":"post","link":"https:\/\/archivosonoro.com.ar\/wordpress\/?p=3420","title":{"rendered":"Perez A: ATSA anuncia manifestaci\u00f3n frente al palco en el desfile del aniversario de Ushuaia."},"content":{"rendered":"<p>Desde ATSA se anunci\u00f3 una manifestaci\u00f3n el 12 de octubre durante el desfile por el aniversario de Ushuaia. Alejandro Perez confirm\u00f3 que la Ministra Grieco va a entender que las cosas no pueden seguir funcionando de esta manera \u00abel d\u00eda 12 de octubre cuando los trabajadores de los dos hospitales movilicen en el aniversario de Ushuaia. Ah\u00ed lo van a entender cuando est\u00e9n frente al palco los trabajadores de la sanidad, ah\u00ed la van a tener muy clara, y la comunidad tambi\u00e9n\u00bb.<br \/>\nEn declaraciones a FM Ritual, Perez habl\u00f3 adem\u00e1s de la migraci\u00f3n de los profesionales del Hospital Regional R\u00edo Grande hacia el sector privado, anunciando que podr\u00edan ser m\u00e1s de 14 los que tomen esta decisi\u00f3n: \u00abel Hospital se va a transformar en un Perif\u00e9rico de grandes dimensiones\u00bb, dijo. <\/p>\n","protected":false},"excerpt":{"rendered":"<p>Desde ATSA se anunci\u00f3 una manifestaci\u00f3n el 12 de octubre durante el desfile por el aniversario de Ushuaia. Alejandro Perez confirm\u00f3 que la Ministra Grieco va a entender que las cosas no pueden seguir funcionando de esta manera \u00abel d\u00eda 12 de octubre cuando los trabajadores de los dos hospitales movilicen en el aniversario de [&hellip;]<\/p>\n","protected":false},"author":7,"featured_media":0,"comment_status":"open","ping_status":"open","sticky":false,"template":"","format":"standard","meta":{"footnotes":""},"categories":[542],"tags":[117,466],"class_list":["post-3420","post","type-post","status-publish","format-standard","hentry","category-fm-ritual","tag-atsa","tag-perez"],"_links":{"self":[{"href":"https:\/\/archivosonoro.com.ar\/wordpress\/index.php?rest_route=\/wp\/v2\/posts\/3420","targetHints":{"allow":["GET"]}}],"collection":[{"href":"https:\/\/archivosonoro.com.ar\/wordpress\/index.php?rest_route=\/wp\/v2\/posts"}],"about":[{"href":"https:\/\/archivosonoro.com.ar\/wordpress\/index.php?rest_route=\/wp\/v2\/types\/post"}],"author":[{"embeddable":true,"href":"https:\/\/archivosonoro.com.ar\/wordpress\/index.php?rest_route=\/wp\/v2\/users\/7"}],"replies":[{"embeddable":true,"href":"https:\/\/archivosonoro.com.ar\/wordpress\/index.php?rest_route=%2Fwp%2Fv2%2Fcomments&post=3420"}],"version-history":[{"count":1,"href":"https:\/\/archivosonoro.com.ar\/wordpress\/index.php?rest_route=\/wp\/v2\/posts\/3420\/revisions"}],"predecessor-version":[{"id":3421,"href":"https:\/\/archivosonoro.com.ar\/wordpress\/index.php?rest_route=\/wp\/v2\/posts\/3420\/revisions\/3421"}],"wp:attachment":[{"href":"https:\/\/archivosonoro.com.ar\/wordpress\/index.php?rest_route=%2Fwp%2Fv2%2Fmedia&parent=3420"}],"wp:term":[{"taxonomy":"category","embeddable":true,"href":"https:\/\/archivosonoro.com.ar\/wordpress\/index.php?rest_route=%2Fwp%2Fv2%2Fcategories&post=3420"},{"taxonomy":"post_tag","embeddable":true,"href":"https:\/\/archivosonoro.com.ar\/wordpress\/index.php?rest_route=%2Fwp%2Fv2%2Ftags&post=3420"}],"curies":[{"name":"wp","href":"https:\/\/api.w.org\/{rel}","templated":true}]}}