{"id":3405,"date":"2012-10-01T12:12:57","date_gmt":"2012-10-01T15:12:57","guid":{"rendered":"http:\/\/archivosonoro.com.ar\/?p=3405"},"modified":"2012-10-01T12:12:57","modified_gmt":"2012-10-01T15:12:57","slug":"cordoba-m-el-gobierno-ha-hecho-agua-en-salud-y-educacion","status":"publish","type":"post","link":"https:\/\/archivosonoro.com.ar\/wordpress\/?p=3405","title":{"rendered":"C\u00f3rdoba M: \u00abEl gobierno ha hecho agua en salud y educaci\u00f3n\u00bb."},"content":{"rendered":"<p>La obra social \u00abest\u00e1 en una profunda crisis como nunca\u00bb, dijo Marcelo C\u00f3rdoba en FM Ritual se\u00f1alando que parece que el gobierno \u00abha hecho agua\u00bb en salud y educaci\u00f3n. Record\u00f3 los motivos de la retenci\u00f3n de tareas del personal Pomys que genera la suspensi\u00f3n de clases en cada vez m\u00e1s establecimientos escolares de la ciudad de R\u00edo Grande.<br \/>\nAdem\u00e1s, afirm\u00f3 que el espectro pol\u00edtico no le est\u00e1 diciendo la verdad a la sociedad, le pidi\u00f3 a la gente que se haga cargo de lo que vota y cuestion\u00f3 la existencia de \u00abla segunda vuelta electoral que sirve para hacer grandes negocios que perjudica a la responsabilidad social que tiene el estado como rol\u00bb.<\/p>\n","protected":false},"excerpt":{"rendered":"<p>La obra social \u00abest\u00e1 en una profunda crisis como nunca\u00bb, dijo Marcelo C\u00f3rdoba en FM Ritual se\u00f1alando que parece que el gobierno \u00abha hecho agua\u00bb en salud y educaci\u00f3n. Record\u00f3 los motivos de la retenci\u00f3n de tareas del personal Pomys que genera la suspensi\u00f3n de clases en cada vez m\u00e1s establecimientos escolares de la ciudad [&hellip;]<\/p>\n","protected":false},"author":7,"featured_media":0,"comment_status":"open","ping_status":"open","sticky":false,"template":"","format":"standard","meta":{"footnotes":""},"categories":[542],"tags":[10,13,901],"class_list":["post-3405","post","type-post","status-publish","format-standard","hentry","category-fm-ritual","tag-ate","tag-cordoba","tag-pomys"],"_links":{"self":[{"href":"https:\/\/archivosonoro.com.ar\/wordpress\/index.php?rest_route=\/wp\/v2\/posts\/3405","targetHints":{"allow":["GET"]}}],"collection":[{"href":"https:\/\/archivosonoro.com.ar\/wordpress\/index.php?rest_route=\/wp\/v2\/posts"}],"about":[{"href":"https:\/\/archivosonoro.com.ar\/wordpress\/index.php?rest_route=\/wp\/v2\/types\/post"}],"author":[{"embeddable":true,"href":"https:\/\/archivosonoro.com.ar\/wordpress\/index.php?rest_route=\/wp\/v2\/users\/7"}],"replies":[{"embeddable":true,"href":"https:\/\/archivosonoro.com.ar\/wordpress\/index.php?rest_route=%2Fwp%2Fv2%2Fcomments&post=3405"}],"version-history":[{"count":1,"href":"https:\/\/archivosonoro.com.ar\/wordpress\/index.php?rest_route=\/wp\/v2\/posts\/3405\/revisions"}],"predecessor-version":[{"id":3406,"href":"https:\/\/archivosonoro.com.ar\/wordpress\/index.php?rest_route=\/wp\/v2\/posts\/3405\/revisions\/3406"}],"wp:attachment":[{"href":"https:\/\/archivosonoro.com.ar\/wordpress\/index.php?rest_route=%2Fwp%2Fv2%2Fmedia&parent=3405"}],"wp:term":[{"taxonomy":"category","embeddable":true,"href":"https:\/\/archivosonoro.com.ar\/wordpress\/index.php?rest_route=%2Fwp%2Fv2%2Fcategories&post=3405"},{"taxonomy":"post_tag","embeddable":true,"href":"https:\/\/archivosonoro.com.ar\/wordpress\/index.php?rest_route=%2Fwp%2Fv2%2Ftags&post=3405"}],"curies":[{"name":"wp","href":"https:\/\/api.w.org\/{rel}","templated":true}]}}