{"id":3400,"date":"2012-10-01T12:01:38","date_gmt":"2012-10-01T15:01:38","guid":{"rendered":"http:\/\/archivosonoro.com.ar\/?p=3400"},"modified":"2012-10-01T12:01:38","modified_gmt":"2012-10-01T15:01:38","slug":"blanco-p-el-dr-ruiz-que-se-dedique-a-la-medicina-que-a-los-numeros-nos-dedicamos-otros","status":"publish","type":"post","link":"https:\/\/archivosonoro.com.ar\/wordpress\/?p=3400","title":{"rendered":"Blanco P: \u00abEl Dr. Ruiz que se dedique a la medicina que a los n\u00fameros nos dedicamos otros\u00bb."},"content":{"rendered":"<p>El legislador Pablo Blanco, Presidente de la Comisi\u00f3n de Econom\u00eda y Presupuesto de la C\u00e1mara Legislativa refut\u00f3 las declaraciones del Director del IPAUSS Oscar Ruiz en relaci\u00f3n al porcentaje que implican los sueldos de la provincia: \u00able voy a pedir con todo respeto que empiece de vuelta, que se dedique a la medicina que a los n\u00fameros nos dedicamos otros\u00bb, dijo en FM Ritual, a\u00f1adiendo que las declaraciones de Ruiz \u00abno resisten el menor an\u00e1lisis\u00bb.<br \/>\nBlanco explic\u00f3 que la comisi\u00f3n legislativa de evaluaci\u00f3n y seguimiento del IPAUSS est\u00e1 en el per\u00edodo de determinaci\u00f3n de deuda y en lo que hace al funcionamiento del instituto est\u00e1n las autoridades leg\u00edtimamente constituidas y son las que tienen que ver que medidas toman para el normal funcionamiento del instituto. Reclam\u00f3 al Directorio que haga algo respecto al r\u00e9gimen jubilatorio actual si es que consideran que causa tantos inconvenientes.<br \/>\nEn relaci\u00f3n al presupuesto provincial asegur\u00f3 que el 04 de octubre se re\u00fane la Comisi\u00f3n en R\u00edo Grande y hay un cronograma tentativo de an\u00e1lisis detallado del presupuesto.<\/p>\n","protected":false},"excerpt":{"rendered":"<p>El legislador Pablo Blanco, Presidente de la Comisi\u00f3n de Econom\u00eda y Presupuesto de la C\u00e1mara Legislativa refut\u00f3 las declaraciones del Director del IPAUSS Oscar Ruiz en relaci\u00f3n al porcentaje que implican los sueldos de la provincia: \u00able voy a pedir con todo respeto que empiece de vuelta, que se dedique a la medicina que a [&hellip;]<\/p>\n","protected":false},"author":7,"featured_media":0,"comment_status":"open","ping_status":"open","sticky":false,"template":"","format":"standard","meta":{"footnotes":""},"categories":[542],"tags":[68,5,239],"class_list":["post-3400","post","type-post","status-publish","format-standard","hentry","category-fm-ritual","tag-blanco","tag-ipauss","tag-ruiz"],"_links":{"self":[{"href":"https:\/\/archivosonoro.com.ar\/wordpress\/index.php?rest_route=\/wp\/v2\/posts\/3400","targetHints":{"allow":["GET"]}}],"collection":[{"href":"https:\/\/archivosonoro.com.ar\/wordpress\/index.php?rest_route=\/wp\/v2\/posts"}],"about":[{"href":"https:\/\/archivosonoro.com.ar\/wordpress\/index.php?rest_route=\/wp\/v2\/types\/post"}],"author":[{"embeddable":true,"href":"https:\/\/archivosonoro.com.ar\/wordpress\/index.php?rest_route=\/wp\/v2\/users\/7"}],"replies":[{"embeddable":true,"href":"https:\/\/archivosonoro.com.ar\/wordpress\/index.php?rest_route=%2Fwp%2Fv2%2Fcomments&post=3400"}],"version-history":[{"count":1,"href":"https:\/\/archivosonoro.com.ar\/wordpress\/index.php?rest_route=\/wp\/v2\/posts\/3400\/revisions"}],"predecessor-version":[{"id":3404,"href":"https:\/\/archivosonoro.com.ar\/wordpress\/index.php?rest_route=\/wp\/v2\/posts\/3400\/revisions\/3404"}],"wp:attachment":[{"href":"https:\/\/archivosonoro.com.ar\/wordpress\/index.php?rest_route=%2Fwp%2Fv2%2Fmedia&parent=3400"}],"wp:term":[{"taxonomy":"category","embeddable":true,"href":"https:\/\/archivosonoro.com.ar\/wordpress\/index.php?rest_route=%2Fwp%2Fv2%2Fcategories&post=3400"},{"taxonomy":"post_tag","embeddable":true,"href":"https:\/\/archivosonoro.com.ar\/wordpress\/index.php?rest_route=%2Fwp%2Fv2%2Ftags&post=3400"}],"curies":[{"name":"wp","href":"https:\/\/api.w.org\/{rel}","templated":true}]}}