{"id":3391,"date":"2012-10-01T00:13:57","date_gmt":"2012-10-01T03:13:57","guid":{"rendered":"http:\/\/archivosonoro.com.ar\/?p=3391"},"modified":"2012-10-01T00:13:57","modified_gmt":"2012-10-01T03:13:57","slug":"siracussa-s-creeria-que-se-vienen-cambios-en-el-ministerio-de-salud-antes-de-fin-de-ano","status":"publish","type":"post","link":"https:\/\/archivosonoro.com.ar\/wordpress\/?p=3391","title":{"rendered":"Siracussa S: \u00abCreer\u00eda que se vienen cambios en el Ministerio de Salud antes de fin de a\u00f1o\u00bb"},"content":{"rendered":"<p>La Legisladora Susana Siracussa afirm\u00f3 que se vienen cambios en el Ministerio de Salud antes de fin de a\u00f1o, que \u00abse est\u00e1 tomando su tiempo la gobernadora en cuanto a que no es cambiar una figura por otra figura, la figura tiene que tener un cambio de pol\u00edtica\u00bb. Desde los estudios de FM Universidad, la parlamentaria justicialista se\u00f1al\u00f3 que no hay diferencias en el \u00e1rea de la salud desde la interpelaci\u00f3n a la Ministra Grieco y resalt\u00f3 los inconvenientes con ATSA que rechaz\u00f3 la propuesta del ejecutivo a su reclamo y podr\u00eda entrar en medidas de fuerza esta semana.<\/p>\n","protected":false},"excerpt":{"rendered":"<p>La Legisladora Susana Siracussa afirm\u00f3 que se vienen cambios en el Ministerio de Salud antes de fin de a\u00f1o, que \u00abse est\u00e1 tomando su tiempo la gobernadora en cuanto a que no es cambiar una figura por otra figura, la figura tiene que tener un cambio de pol\u00edtica\u00bb. Desde los estudios de FM Universidad, la [&hellip;]<\/p>\n","protected":false},"author":7,"featured_media":0,"comment_status":"open","ping_status":"open","sticky":false,"template":"","format":"standard","meta":{"footnotes":""},"categories":[543],"tags":[33,508],"class_list":["post-3391","post","type-post","status-publish","format-standard","hentry","category-fm-universidad","tag-rios","tag-siracussa"],"_links":{"self":[{"href":"https:\/\/archivosonoro.com.ar\/wordpress\/index.php?rest_route=\/wp\/v2\/posts\/3391","targetHints":{"allow":["GET"]}}],"collection":[{"href":"https:\/\/archivosonoro.com.ar\/wordpress\/index.php?rest_route=\/wp\/v2\/posts"}],"about":[{"href":"https:\/\/archivosonoro.com.ar\/wordpress\/index.php?rest_route=\/wp\/v2\/types\/post"}],"author":[{"embeddable":true,"href":"https:\/\/archivosonoro.com.ar\/wordpress\/index.php?rest_route=\/wp\/v2\/users\/7"}],"replies":[{"embeddable":true,"href":"https:\/\/archivosonoro.com.ar\/wordpress\/index.php?rest_route=%2Fwp%2Fv2%2Fcomments&post=3391"}],"version-history":[{"count":1,"href":"https:\/\/archivosonoro.com.ar\/wordpress\/index.php?rest_route=\/wp\/v2\/posts\/3391\/revisions"}],"predecessor-version":[{"id":3392,"href":"https:\/\/archivosonoro.com.ar\/wordpress\/index.php?rest_route=\/wp\/v2\/posts\/3391\/revisions\/3392"}],"wp:attachment":[{"href":"https:\/\/archivosonoro.com.ar\/wordpress\/index.php?rest_route=%2Fwp%2Fv2%2Fmedia&parent=3391"}],"wp:term":[{"taxonomy":"category","embeddable":true,"href":"https:\/\/archivosonoro.com.ar\/wordpress\/index.php?rest_route=%2Fwp%2Fv2%2Fcategories&post=3391"},{"taxonomy":"post_tag","embeddable":true,"href":"https:\/\/archivosonoro.com.ar\/wordpress\/index.php?rest_route=%2Fwp%2Fv2%2Ftags&post=3391"}],"curies":[{"name":"wp","href":"https:\/\/api.w.org\/{rel}","templated":true}]}}