{"id":3336,"date":"2012-09-27T02:08:36","date_gmt":"2012-09-27T05:08:36","guid":{"rendered":"http:\/\/archivosonoro.com.ar\/?p=3336"},"modified":"2012-09-27T02:08:36","modified_gmt":"2012-09-27T05:08:36","slug":"cordoba-m-la-retencion-de-tareas-de-ate-provoco-la-suspension-de-clases-en-algunas-escuelas-de-rio-grande","status":"publish","type":"post","link":"https:\/\/archivosonoro.com.ar\/wordpress\/?p=3336","title":{"rendered":"C\u00f3rdoba M: La retenci\u00f3n de tareas de ATE provoc\u00f3 la suspensi\u00f3n de clases en algunas escuelas de R\u00edo Grande."},"content":{"rendered":"<p>Ante la falta de respuesta al reclamo por tratar un aumento salarial, el pago del REPAS y la situaci\u00f3n del IPAUSS y tras haber anunciado el estado de alerta y movilizaci\u00f3n, trabajadores Pomys realizan retenci\u00f3n de servicios por 2 horas por turno. Marcelo C\u00f3rdoba inform\u00f3 que ya se han suspendido las clases en algunas escuelas y responsabiliz\u00f3 al gobierno por la situaci\u00f3n.<br \/>\n\u00abMientras avance la medida, va a ser m\u00e1s ca\u00f3tica la situaci\u00f3n y nosotros lo lamentamos pero no tenemos otra herramienta\u00bb, se\u00f1al\u00f3 el Secretario General de la Seccional R\u00edo Grande de ATE.<\/p>\n","protected":false},"excerpt":{"rendered":"<p>Ante la falta de respuesta al reclamo por tratar un aumento salarial, el pago del REPAS y la situaci\u00f3n del IPAUSS y tras haber anunciado el estado de alerta y movilizaci\u00f3n, trabajadores Pomys realizan retenci\u00f3n de servicios por 2 horas por turno. Marcelo C\u00f3rdoba inform\u00f3 que ya se han suspendido las clases en algunas escuelas [&hellip;]<\/p>\n","protected":false},"author":7,"featured_media":0,"comment_status":"open","ping_status":"open","sticky":false,"template":"","format":"standard","meta":{"footnotes":""},"categories":[846],"tags":[10,13],"class_list":["post-3336","post","type-post","status-publish","format-standard","hentry","category-radio-fueguina","tag-ate","tag-cordoba"],"_links":{"self":[{"href":"https:\/\/archivosonoro.com.ar\/wordpress\/index.php?rest_route=\/wp\/v2\/posts\/3336","targetHints":{"allow":["GET"]}}],"collection":[{"href":"https:\/\/archivosonoro.com.ar\/wordpress\/index.php?rest_route=\/wp\/v2\/posts"}],"about":[{"href":"https:\/\/archivosonoro.com.ar\/wordpress\/index.php?rest_route=\/wp\/v2\/types\/post"}],"author":[{"embeddable":true,"href":"https:\/\/archivosonoro.com.ar\/wordpress\/index.php?rest_route=\/wp\/v2\/users\/7"}],"replies":[{"embeddable":true,"href":"https:\/\/archivosonoro.com.ar\/wordpress\/index.php?rest_route=%2Fwp%2Fv2%2Fcomments&post=3336"}],"version-history":[{"count":1,"href":"https:\/\/archivosonoro.com.ar\/wordpress\/index.php?rest_route=\/wp\/v2\/posts\/3336\/revisions"}],"predecessor-version":[{"id":3337,"href":"https:\/\/archivosonoro.com.ar\/wordpress\/index.php?rest_route=\/wp\/v2\/posts\/3336\/revisions\/3337"}],"wp:attachment":[{"href":"https:\/\/archivosonoro.com.ar\/wordpress\/index.php?rest_route=%2Fwp%2Fv2%2Fmedia&parent=3336"}],"wp:term":[{"taxonomy":"category","embeddable":true,"href":"https:\/\/archivosonoro.com.ar\/wordpress\/index.php?rest_route=%2Fwp%2Fv2%2Fcategories&post=3336"},{"taxonomy":"post_tag","embeddable":true,"href":"https:\/\/archivosonoro.com.ar\/wordpress\/index.php?rest_route=%2Fwp%2Fv2%2Ftags&post=3336"}],"curies":[{"name":"wp","href":"https:\/\/api.w.org\/{rel}","templated":true}]}}