{"id":3303,"date":"2012-09-25T10:45:22","date_gmt":"2012-09-25T13:45:22","guid":{"rendered":"http:\/\/archivosonoro.com.ar\/?p=3303"},"modified":"2012-09-25T10:45:22","modified_gmt":"2012-09-25T13:45:22","slug":"lopez-o-miembros-del-foro-naval-argentino-expusieron-sobre-el-corredor-maritimo-austral","status":"publish","type":"post","link":"https:\/\/archivosonoro.com.ar\/wordpress\/?p=3303","title":{"rendered":"Lopez O: Miembros del Foro Naval Argentino expusieron sobre el Corredor Mar\u00edtimo Austral."},"content":{"rendered":"<p>El Senador Osvaldo Lopez evalu\u00f3 las charlas sobre el corredor mar\u00edtimo austral desarrolladas en R\u00edo Grande y Ushuaia con miembros del Foro Naval Argentino. Aclar\u00f3 que de concretarse la obra incidir\u00eda sobre migraciones no as\u00ed sobre aduana por ser la provincia \u00e1rea aduanera especial.<br \/>\nLopez resalt\u00f3 la voluntad pol\u00edtica de los distintos sectores de aprobar la ley que permita el estudio pertinente para la concreci\u00f3n del Corredor Mar\u00edtimo Austral que permitir\u00e1 unir a Tierra del Fuego con el continente por aguas argentinas.<\/p>\n","protected":false},"excerpt":{"rendered":"<p>El Senador Osvaldo Lopez evalu\u00f3 las charlas sobre el corredor mar\u00edtimo austral desarrolladas en R\u00edo Grande y Ushuaia con miembros del Foro Naval Argentino. Aclar\u00f3 que de concretarse la obra incidir\u00eda sobre migraciones no as\u00ed sobre aduana por ser la provincia \u00e1rea aduanera especial. Lopez resalt\u00f3 la voluntad pol\u00edtica de los distintos sectores de aprobar [&hellip;]<\/p>\n","protected":false},"author":7,"featured_media":0,"comment_status":"open","ping_status":"open","sticky":false,"template":"","format":"standard","meta":{"footnotes":""},"categories":[542],"tags":[59],"class_list":["post-3303","post","type-post","status-publish","format-standard","hentry","category-fm-ritual","tag-lopez"],"_links":{"self":[{"href":"https:\/\/archivosonoro.com.ar\/wordpress\/index.php?rest_route=\/wp\/v2\/posts\/3303","targetHints":{"allow":["GET"]}}],"collection":[{"href":"https:\/\/archivosonoro.com.ar\/wordpress\/index.php?rest_route=\/wp\/v2\/posts"}],"about":[{"href":"https:\/\/archivosonoro.com.ar\/wordpress\/index.php?rest_route=\/wp\/v2\/types\/post"}],"author":[{"embeddable":true,"href":"https:\/\/archivosonoro.com.ar\/wordpress\/index.php?rest_route=\/wp\/v2\/users\/7"}],"replies":[{"embeddable":true,"href":"https:\/\/archivosonoro.com.ar\/wordpress\/index.php?rest_route=%2Fwp%2Fv2%2Fcomments&post=3303"}],"version-history":[{"count":1,"href":"https:\/\/archivosonoro.com.ar\/wordpress\/index.php?rest_route=\/wp\/v2\/posts\/3303\/revisions"}],"predecessor-version":[{"id":3304,"href":"https:\/\/archivosonoro.com.ar\/wordpress\/index.php?rest_route=\/wp\/v2\/posts\/3303\/revisions\/3304"}],"wp:attachment":[{"href":"https:\/\/archivosonoro.com.ar\/wordpress\/index.php?rest_route=%2Fwp%2Fv2%2Fmedia&parent=3303"}],"wp:term":[{"taxonomy":"category","embeddable":true,"href":"https:\/\/archivosonoro.com.ar\/wordpress\/index.php?rest_route=%2Fwp%2Fv2%2Fcategories&post=3303"},{"taxonomy":"post_tag","embeddable":true,"href":"https:\/\/archivosonoro.com.ar\/wordpress\/index.php?rest_route=%2Fwp%2Fv2%2Ftags&post=3303"}],"curies":[{"name":"wp","href":"https:\/\/api.w.org\/{rel}","templated":true}]}}