{"id":3295,"date":"2012-09-25T10:08:37","date_gmt":"2012-09-25T13:08:37","guid":{"rendered":"http:\/\/archivosonoro.com.ar\/?p=3295"},"modified":"2012-09-25T10:08:37","modified_gmt":"2012-09-25T13:08:37","slug":"catena-h-sutef-apela-la-multa-del-juzgado-laboral","status":"publish","type":"post","link":"https:\/\/archivosonoro.com.ar\/wordpress\/?p=3295","title":{"rendered":"Catena H: SUTEF apela la multa del Juzgado Laboral."},"content":{"rendered":"<p>La comisi\u00f3n provincial del SUTEF llam\u00f3 a conferencia de prensa donde el asesor letrado explicar\u00e1 los fundamentos de la apelaci\u00f3n a la multa impuesta por el Juzgado Laboral por no acatar una conciliaci\u00f3n obligatoria. En di\u00e1logo con FM Ritual, Horacio Catena afirm\u00f3 que se presentar\u00e1 el caso ante la OIT y que existen antecedentes en otros puntos del pa\u00eds a quienes han consultado para la elaboraci\u00f3n de la apelaci\u00f3n.<br \/>\nCon respecto a la relaci\u00f3n con la conducci\u00f3n sindical de R\u00edo Grande, Catena resalt\u00f3 el acuerdo de realizaci\u00f3n de plenarios de secretarios generales.<\/p>\n","protected":false},"excerpt":{"rendered":"<p>La comisi\u00f3n provincial del SUTEF llam\u00f3 a conferencia de prensa donde el asesor letrado explicar\u00e1 los fundamentos de la apelaci\u00f3n a la multa impuesta por el Juzgado Laboral por no acatar una conciliaci\u00f3n obligatoria. En di\u00e1logo con FM Ritual, Horacio Catena afirm\u00f3 que se presentar\u00e1 el caso ante la OIT y que existen antecedentes en [&hellip;]<\/p>\n","protected":false},"author":7,"featured_media":0,"comment_status":"open","ping_status":"open","sticky":false,"template":"","format":"standard","meta":{"footnotes":""},"categories":[542],"tags":[265,890,891,31],"class_list":["post-3295","post","type-post","status-publish","format-standard","hentry","category-fm-ritual","tag-catena","tag-multa","tag-oit","tag-sutef"],"_links":{"self":[{"href":"https:\/\/archivosonoro.com.ar\/wordpress\/index.php?rest_route=\/wp\/v2\/posts\/3295","targetHints":{"allow":["GET"]}}],"collection":[{"href":"https:\/\/archivosonoro.com.ar\/wordpress\/index.php?rest_route=\/wp\/v2\/posts"}],"about":[{"href":"https:\/\/archivosonoro.com.ar\/wordpress\/index.php?rest_route=\/wp\/v2\/types\/post"}],"author":[{"embeddable":true,"href":"https:\/\/archivosonoro.com.ar\/wordpress\/index.php?rest_route=\/wp\/v2\/users\/7"}],"replies":[{"embeddable":true,"href":"https:\/\/archivosonoro.com.ar\/wordpress\/index.php?rest_route=%2Fwp%2Fv2%2Fcomments&post=3295"}],"version-history":[{"count":1,"href":"https:\/\/archivosonoro.com.ar\/wordpress\/index.php?rest_route=\/wp\/v2\/posts\/3295\/revisions"}],"predecessor-version":[{"id":3296,"href":"https:\/\/archivosonoro.com.ar\/wordpress\/index.php?rest_route=\/wp\/v2\/posts\/3295\/revisions\/3296"}],"wp:attachment":[{"href":"https:\/\/archivosonoro.com.ar\/wordpress\/index.php?rest_route=%2Fwp%2Fv2%2Fmedia&parent=3295"}],"wp:term":[{"taxonomy":"category","embeddable":true,"href":"https:\/\/archivosonoro.com.ar\/wordpress\/index.php?rest_route=%2Fwp%2Fv2%2Fcategories&post=3295"},{"taxonomy":"post_tag","embeddable":true,"href":"https:\/\/archivosonoro.com.ar\/wordpress\/index.php?rest_route=%2Fwp%2Fv2%2Ftags&post=3295"}],"curies":[{"name":"wp","href":"https:\/\/api.w.org\/{rel}","templated":true}]}}