{"id":3234,"date":"2012-09-19T12:19:29","date_gmt":"2012-09-19T15:19:29","guid":{"rendered":"http:\/\/archivosonoro.com.ar\/?p=3234"},"modified":"2012-09-19T12:19:29","modified_gmt":"2012-09-19T15:19:29","slug":"gimenez-f-esperan-sumarios-a-policias-que-manifestaron-durante-el-fallo-que-condeno-a-agentes-penitenciarios-por-torturas","status":"publish","type":"post","link":"https:\/\/archivosonoro.com.ar\/wordpress\/?p=3234","title":{"rendered":"Gimenez F: Esperan sumarios a polic\u00edas que manifestaron durante el fallo que conden\u00f3 a agentes penitenciarios por torturas."},"content":{"rendered":"<p>El Colegio de Abogados de la ciudad de R\u00edo Grande emiti\u00f3 un comunicado por los hechos que se sucedieron durante la lectura del fallo que conden\u00f3 a agentes penitenciarios por tortura. El Presidente de la Instituci\u00f3n, Francisco Gimenez, se\u00f1al\u00f3 que esperan la intervenci\u00f3n del Superior Tribunal de Justicia y del Gobierno de la Provincia \u00abporque resulta absolutamente intolerable que agentes penitenciarios y polic\u00edas tomen la actitud que han tomado en contra de los miembros del tribuna, seg\u00fan reflejan los medios period\u00edsticos\u00bb.<br \/>\nEntrevistado en FM Ritual, Gimenez resalt\u00f3 las diferencias de este proceso con el que se le sigue a cualquier persona, cuestionando el principio de igualdad que debe primar en la justicia.<\/p>\n","protected":false},"excerpt":{"rendered":"<p>El Colegio de Abogados de la ciudad de R\u00edo Grande emiti\u00f3 un comunicado por los hechos que se sucedieron durante la lectura del fallo que conden\u00f3 a agentes penitenciarios por tortura. El Presidente de la Instituci\u00f3n, Francisco Gimenez, se\u00f1al\u00f3 que esperan la intervenci\u00f3n del Superior Tribunal de Justicia y del Gobierno de la Provincia \u00abporque [&hellip;]<\/p>\n","protected":false},"author":7,"featured_media":0,"comment_status":"open","ping_status":"open","sticky":false,"template":"","format":"standard","meta":{"footnotes":""},"categories":[542],"tags":[335],"class_list":["post-3234","post","type-post","status-publish","format-standard","hentry","category-fm-ritual","tag-gimenez"],"_links":{"self":[{"href":"https:\/\/archivosonoro.com.ar\/wordpress\/index.php?rest_route=\/wp\/v2\/posts\/3234","targetHints":{"allow":["GET"]}}],"collection":[{"href":"https:\/\/archivosonoro.com.ar\/wordpress\/index.php?rest_route=\/wp\/v2\/posts"}],"about":[{"href":"https:\/\/archivosonoro.com.ar\/wordpress\/index.php?rest_route=\/wp\/v2\/types\/post"}],"author":[{"embeddable":true,"href":"https:\/\/archivosonoro.com.ar\/wordpress\/index.php?rest_route=\/wp\/v2\/users\/7"}],"replies":[{"embeddable":true,"href":"https:\/\/archivosonoro.com.ar\/wordpress\/index.php?rest_route=%2Fwp%2Fv2%2Fcomments&post=3234"}],"version-history":[{"count":1,"href":"https:\/\/archivosonoro.com.ar\/wordpress\/index.php?rest_route=\/wp\/v2\/posts\/3234\/revisions"}],"predecessor-version":[{"id":3235,"href":"https:\/\/archivosonoro.com.ar\/wordpress\/index.php?rest_route=\/wp\/v2\/posts\/3234\/revisions\/3235"}],"wp:attachment":[{"href":"https:\/\/archivosonoro.com.ar\/wordpress\/index.php?rest_route=%2Fwp%2Fv2%2Fmedia&parent=3234"}],"wp:term":[{"taxonomy":"category","embeddable":true,"href":"https:\/\/archivosonoro.com.ar\/wordpress\/index.php?rest_route=%2Fwp%2Fv2%2Fcategories&post=3234"},{"taxonomy":"post_tag","embeddable":true,"href":"https:\/\/archivosonoro.com.ar\/wordpress\/index.php?rest_route=%2Fwp%2Fv2%2Ftags&post=3234"}],"curies":[{"name":"wp","href":"https:\/\/api.w.org\/{rel}","templated":true}]}}