{"id":3220,"date":"2012-09-18T11:43:21","date_gmt":"2012-09-18T14:43:21","guid":{"rendered":"http:\/\/archivosonoro.com.ar\/?p=3220"},"modified":"2012-09-18T11:43:21","modified_gmt":"2012-09-18T14:43:21","slug":"planes-j-vecinos-de-la-margen-sur-reclaman-informacion-de-la-expropiacion-de-tierras","status":"publish","type":"post","link":"https:\/\/archivosonoro.com.ar\/wordpress\/?p=3220","title":{"rendered":"Planes J: Vecinos de la Margen Sur reclaman informaci\u00f3n de la expropiaci\u00f3n de tierras."},"content":{"rendered":"<p>Desde la Asociaci\u00f3n Civil Barrio Austral de la Margen Sur de R\u00edo Grande, Javier Planes explic\u00f3 la situaci\u00f3n del sector por la expropiaci\u00f3n de tierras y el pago correspondiente que anunci\u00f3 el gobierno resaltando que las familias se encuentran desamparadas y sin informaci\u00f3n. Se\u00f1al\u00f3 que al d\u00eda de la fecha el gobierno se manifiesta hacia una comisi\u00f3n barrial que no tiene personer\u00eda jur\u00eddica y no hacia las familias beneficiarias. \u00abNo tenemos ning\u00fan documento escrito ni ning\u00fan tipo de informaci\u00f3n\u00bb, se\u00f1al\u00f3 Planes.<br \/>\nEn relaci\u00f3n al pedido de juicio pol\u00edtico contra la gobernadora R\u00edos que presentara hace 15 d\u00edas, el representante barrial responsabiliz\u00f3 a los Legisladores Liendo, Tapia, Lofler, Siracussa, Mart\u00ednez Allende y Del Corro que desestimaron su pedido sin ning\u00fan tipo de explicaci\u00f3n.<\/p>\n","protected":false},"excerpt":{"rendered":"<p>Desde la Asociaci\u00f3n Civil Barrio Austral de la Margen Sur de R\u00edo Grande, Javier Planes explic\u00f3 la situaci\u00f3n del sector por la expropiaci\u00f3n de tierras y el pago correspondiente que anunci\u00f3 el gobierno resaltando que las familias se encuentran desamparadas y sin informaci\u00f3n. Se\u00f1al\u00f3 que al d\u00eda de la fecha el gobierno se manifiesta hacia [&hellip;]<\/p>\n","protected":false},"author":7,"featured_media":0,"comment_status":"open","ping_status":"open","sticky":false,"template":"","format":"standard","meta":{"footnotes":""},"categories":[542],"tags":[22,36,395,390,216,849,508,374],"class_list":["post-3220","post","type-post","status-publish","format-standard","hentry","category-fm-ritual","tag-del-corro","tag-liendo","tag-loffler","tag-margen-sur","tag-martinez-allende","tag-planes","tag-siracussa","tag-tapia"],"_links":{"self":[{"href":"https:\/\/archivosonoro.com.ar\/wordpress\/index.php?rest_route=\/wp\/v2\/posts\/3220","targetHints":{"allow":["GET"]}}],"collection":[{"href":"https:\/\/archivosonoro.com.ar\/wordpress\/index.php?rest_route=\/wp\/v2\/posts"}],"about":[{"href":"https:\/\/archivosonoro.com.ar\/wordpress\/index.php?rest_route=\/wp\/v2\/types\/post"}],"author":[{"embeddable":true,"href":"https:\/\/archivosonoro.com.ar\/wordpress\/index.php?rest_route=\/wp\/v2\/users\/7"}],"replies":[{"embeddable":true,"href":"https:\/\/archivosonoro.com.ar\/wordpress\/index.php?rest_route=%2Fwp%2Fv2%2Fcomments&post=3220"}],"version-history":[{"count":1,"href":"https:\/\/archivosonoro.com.ar\/wordpress\/index.php?rest_route=\/wp\/v2\/posts\/3220\/revisions"}],"predecessor-version":[{"id":3221,"href":"https:\/\/archivosonoro.com.ar\/wordpress\/index.php?rest_route=\/wp\/v2\/posts\/3220\/revisions\/3221"}],"wp:attachment":[{"href":"https:\/\/archivosonoro.com.ar\/wordpress\/index.php?rest_route=%2Fwp%2Fv2%2Fmedia&parent=3220"}],"wp:term":[{"taxonomy":"category","embeddable":true,"href":"https:\/\/archivosonoro.com.ar\/wordpress\/index.php?rest_route=%2Fwp%2Fv2%2Fcategories&post=3220"},{"taxonomy":"post_tag","embeddable":true,"href":"https:\/\/archivosonoro.com.ar\/wordpress\/index.php?rest_route=%2Fwp%2Fv2%2Ftags&post=3220"}],"curies":[{"name":"wp","href":"https:\/\/api.w.org\/{rel}","templated":true}]}}