{"id":3216,"date":"2012-09-18T08:00:40","date_gmt":"2012-09-18T11:00:40","guid":{"rendered":"http:\/\/archivosonoro.com.ar\/?p=3216"},"modified":"2012-09-18T01:08:35","modified_gmt":"2012-09-18T04:08:35","slug":"castro-d-multa-al-sutef-esto-tiene-que-ver-con-la-irresponsabilidad-de-la-dirigencia-2","status":"publish","type":"post","link":"https:\/\/archivosonoro.com.ar\/wordpress\/?p=3216","title":{"rendered":"Castro D: Multa al SUTEF: \u00abesto tiene que ver con la irresponsabilidad de la dirigencia\u00bb."},"content":{"rendered":"<p>\u00abEl gremio va a tener que afrontarlo pero primero queremos respuestas y explicaciones con respecto a esta multa\u00bb, dijo Diego Castro, Secretario General de la Seccional R\u00edo Grande del SUTEF en relaci\u00f3n a la multa impuesta por no acatar una conciliaci\u00f3n obligatoria durante una protesta gremial en el 2010.<br \/>\nCastro confirm\u00f3 que ya no se puede apelar la decisi\u00f3n judicial y reclam\u00f3 a la Comisi\u00f3n Directiva provincial que den la cara a los afiliados para explicar como llegaron a esta situaci\u00f3n. \u00abEsto tiene que ver con la irresponsabilidad de la dirigencia\u00bb, afirm\u00f3 en FM Ritual y adelant\u00f3 que el pago que deben afrontar, afectar\u00e1 a los servicios que brinda el sindicato.<\/p>\n","protected":false},"excerpt":{"rendered":"<p>\u00abEl gremio va a tener que afrontarlo pero primero queremos respuestas y explicaciones con respecto a esta multa\u00bb, dijo Diego Castro, Secretario General de la Seccional R\u00edo Grande del SUTEF en relaci\u00f3n a la multa impuesta por no acatar una conciliaci\u00f3n obligatoria durante una protesta gremial en el 2010. Castro confirm\u00f3 que ya no se [&hellip;]<\/p>\n","protected":false},"author":7,"featured_media":0,"comment_status":"open","ping_status":"open","sticky":false,"template":"","format":"standard","meta":{"footnotes":""},"categories":[542],"tags":[428,31],"class_list":["post-3216","post","type-post","status-publish","format-standard","hentry","category-fm-ritual","tag-castro","tag-sutef"],"_links":{"self":[{"href":"https:\/\/archivosonoro.com.ar\/wordpress\/index.php?rest_route=\/wp\/v2\/posts\/3216","targetHints":{"allow":["GET"]}}],"collection":[{"href":"https:\/\/archivosonoro.com.ar\/wordpress\/index.php?rest_route=\/wp\/v2\/posts"}],"about":[{"href":"https:\/\/archivosonoro.com.ar\/wordpress\/index.php?rest_route=\/wp\/v2\/types\/post"}],"author":[{"embeddable":true,"href":"https:\/\/archivosonoro.com.ar\/wordpress\/index.php?rest_route=\/wp\/v2\/users\/7"}],"replies":[{"embeddable":true,"href":"https:\/\/archivosonoro.com.ar\/wordpress\/index.php?rest_route=%2Fwp%2Fv2%2Fcomments&post=3216"}],"version-history":[{"count":1,"href":"https:\/\/archivosonoro.com.ar\/wordpress\/index.php?rest_route=\/wp\/v2\/posts\/3216\/revisions"}],"predecessor-version":[{"id":3217,"href":"https:\/\/archivosonoro.com.ar\/wordpress\/index.php?rest_route=\/wp\/v2\/posts\/3216\/revisions\/3217"}],"wp:attachment":[{"href":"https:\/\/archivosonoro.com.ar\/wordpress\/index.php?rest_route=%2Fwp%2Fv2%2Fmedia&parent=3216"}],"wp:term":[{"taxonomy":"category","embeddable":true,"href":"https:\/\/archivosonoro.com.ar\/wordpress\/index.php?rest_route=%2Fwp%2Fv2%2Fcategories&post=3216"},{"taxonomy":"post_tag","embeddable":true,"href":"https:\/\/archivosonoro.com.ar\/wordpress\/index.php?rest_route=%2Fwp%2Fv2%2Ftags&post=3216"}],"curies":[{"name":"wp","href":"https:\/\/api.w.org\/{rel}","templated":true}]}}