{"id":3138,"date":"2012-09-12T11:31:06","date_gmt":"2012-09-12T14:31:06","guid":{"rendered":"http:\/\/archivosonoro.com.ar\/?p=3138"},"modified":"2012-09-12T11:31:06","modified_gmt":"2012-09-12T14:31:06","slug":"queno-c-municipalizacion-de-tolhuin-es-lo-mas-grande-que-nos-pudo-haber-pasado-este-ano","status":"publish","type":"post","link":"https:\/\/archivosonoro.com.ar\/wordpress\/?p=3138","title":{"rendered":"Queno C: Municipalizaci\u00f3n de Tolhuin: \u00abes lo m\u00e1s grande que nos pudo haber pasado este a\u00f1o\u00bb."},"content":{"rendered":"<p>El 2 de octubre se tratar\u00e1 en Tolhuin la municipalizaci\u00f3n de la Comuna. \u00abEs una noticia muy importante, es lo m\u00e1s grande que nos puede haber pasado este a\u00f1o\u00bb, dijo el Intendente Claudio Queno y agreg\u00f3: \u00able da un poquito de esperanzas al pueblo, que se va a crecer en obras como realmente pensamos\u00bb.<br \/>\nEntrevistado en FM Ritual, Queno respondi\u00f3 sobre el encuentro que mantuvo con el Intendente de Ushuaia, Federico Sciurano, quien le confirm\u00f3 que iba a acompa\u00f1ar el proyecto de cambio de categor\u00eda del Coraz\u00f3n de la Isla al igual que lo hizo Gustavo Melella tiempo atr\u00e1s.<\/p>\n","protected":false},"excerpt":{"rendered":"<p>El 2 de octubre se tratar\u00e1 en Tolhuin la municipalizaci\u00f3n de la Comuna. \u00abEs una noticia muy importante, es lo m\u00e1s grande que nos puede haber pasado este a\u00f1o\u00bb, dijo el Intendente Claudio Queno y agreg\u00f3: \u00able da un poquito de esperanzas al pueblo, que se va a crecer en obras como realmente pensamos\u00bb. Entrevistado [&hellip;]<\/p>\n","protected":false},"author":7,"featured_media":0,"comment_status":"open","ping_status":"open","sticky":false,"template":"","format":"standard","meta":{"footnotes":""},"categories":[542],"tags":[74,151,203],"class_list":["post-3138","post","type-post","status-publish","format-standard","hentry","category-fm-ritual","tag-melella","tag-sciurano","tag-tolhuin"],"_links":{"self":[{"href":"https:\/\/archivosonoro.com.ar\/wordpress\/index.php?rest_route=\/wp\/v2\/posts\/3138","targetHints":{"allow":["GET"]}}],"collection":[{"href":"https:\/\/archivosonoro.com.ar\/wordpress\/index.php?rest_route=\/wp\/v2\/posts"}],"about":[{"href":"https:\/\/archivosonoro.com.ar\/wordpress\/index.php?rest_route=\/wp\/v2\/types\/post"}],"author":[{"embeddable":true,"href":"https:\/\/archivosonoro.com.ar\/wordpress\/index.php?rest_route=\/wp\/v2\/users\/7"}],"replies":[{"embeddable":true,"href":"https:\/\/archivosonoro.com.ar\/wordpress\/index.php?rest_route=%2Fwp%2Fv2%2Fcomments&post=3138"}],"version-history":[{"count":1,"href":"https:\/\/archivosonoro.com.ar\/wordpress\/index.php?rest_route=\/wp\/v2\/posts\/3138\/revisions"}],"predecessor-version":[{"id":3139,"href":"https:\/\/archivosonoro.com.ar\/wordpress\/index.php?rest_route=\/wp\/v2\/posts\/3138\/revisions\/3139"}],"wp:attachment":[{"href":"https:\/\/archivosonoro.com.ar\/wordpress\/index.php?rest_route=%2Fwp%2Fv2%2Fmedia&parent=3138"}],"wp:term":[{"taxonomy":"category","embeddable":true,"href":"https:\/\/archivosonoro.com.ar\/wordpress\/index.php?rest_route=%2Fwp%2Fv2%2Fcategories&post=3138"},{"taxonomy":"post_tag","embeddable":true,"href":"https:\/\/archivosonoro.com.ar\/wordpress\/index.php?rest_route=%2Fwp%2Fv2%2Ftags&post=3138"}],"curies":[{"name":"wp","href":"https:\/\/api.w.org\/{rel}","templated":true}]}}