{"id":3091,"date":"2012-09-10T09:51:33","date_gmt":"2012-09-10T12:51:33","guid":{"rendered":"http:\/\/archivosonoro.com.ar\/?p=3091"},"modified":"2012-09-10T09:51:33","modified_gmt":"2012-09-10T12:51:33","slug":"macri-c-trabajadores-del-hospital-rgd-analizan-propuesta-de-gobierno","status":"publish","type":"post","link":"https:\/\/archivosonoro.com.ar\/wordpress\/?p=3091","title":{"rendered":"Macri C: Trabajadores del Hospital RGD analizan propuesta de gobierno."},"content":{"rendered":"<p>Dirigentes de ATSA mantuvieron una extensa reuni\u00f3n en la noche del s\u00e1bado con la jueza Cristiano que ordenara la cobertura de las guardias en el Hospital Regional R\u00edo Grande. \u00abLa jueza solicit\u00f3 se tomara cumplimiento a la medida que se hab\u00eda notificado al sindicato\u00bb, explic\u00f3 Claudio Macri quien confirm\u00f3 que en asamblea de trabajadores resolvieron garantizar la cobertura de los servicios esenciales y realizar una nueva asamblea para evaluar la propuesta que acerc\u00f3 el gobierno durante el fin de semana.<br \/>\nMacri detall\u00f3 el contenido de la oferta gubernamental que no plantea aumentar de ninguna manera el salario b\u00e1sico y ser\u00e1 debatida el d\u00eda de hoy en una nueva asamblea para llevar la respuesta ma\u00f1ana en una reuni\u00f3n con el gobierno en sede judicial.<\/p>\n","protected":false},"excerpt":{"rendered":"<p>Dirigentes de ATSA mantuvieron una extensa reuni\u00f3n en la noche del s\u00e1bado con la jueza Cristiano que ordenara la cobertura de las guardias en el Hospital Regional R\u00edo Grande. \u00abLa jueza solicit\u00f3 se tomara cumplimiento a la medida que se hab\u00eda notificado al sindicato\u00bb, explic\u00f3 Claudio Macri quien confirm\u00f3 que en asamblea de trabajadores resolvieron [&hellip;]<\/p>\n","protected":false},"author":7,"featured_media":0,"comment_status":"open","ping_status":"open","sticky":false,"template":"","format":"standard","meta":{"footnotes":""},"categories":[542],"tags":[117,863,862],"class_list":["post-3091","post","type-post","status-publish","format-standard","hentry","category-fm-ritual","tag-atsa","tag-macri","tag-ritual"],"_links":{"self":[{"href":"https:\/\/archivosonoro.com.ar\/wordpress\/index.php?rest_route=\/wp\/v2\/posts\/3091","targetHints":{"allow":["GET"]}}],"collection":[{"href":"https:\/\/archivosonoro.com.ar\/wordpress\/index.php?rest_route=\/wp\/v2\/posts"}],"about":[{"href":"https:\/\/archivosonoro.com.ar\/wordpress\/index.php?rest_route=\/wp\/v2\/types\/post"}],"author":[{"embeddable":true,"href":"https:\/\/archivosonoro.com.ar\/wordpress\/index.php?rest_route=\/wp\/v2\/users\/7"}],"replies":[{"embeddable":true,"href":"https:\/\/archivosonoro.com.ar\/wordpress\/index.php?rest_route=%2Fwp%2Fv2%2Fcomments&post=3091"}],"version-history":[{"count":1,"href":"https:\/\/archivosonoro.com.ar\/wordpress\/index.php?rest_route=\/wp\/v2\/posts\/3091\/revisions"}],"predecessor-version":[{"id":3092,"href":"https:\/\/archivosonoro.com.ar\/wordpress\/index.php?rest_route=\/wp\/v2\/posts\/3091\/revisions\/3092"}],"wp:attachment":[{"href":"https:\/\/archivosonoro.com.ar\/wordpress\/index.php?rest_route=%2Fwp%2Fv2%2Fmedia&parent=3091"}],"wp:term":[{"taxonomy":"category","embeddable":true,"href":"https:\/\/archivosonoro.com.ar\/wordpress\/index.php?rest_route=%2Fwp%2Fv2%2Fcategories&post=3091"},{"taxonomy":"post_tag","embeddable":true,"href":"https:\/\/archivosonoro.com.ar\/wordpress\/index.php?rest_route=%2Fwp%2Fv2%2Ftags&post=3091"}],"curies":[{"name":"wp","href":"https:\/\/api.w.org\/{rel}","templated":true}]}}