{"id":3036,"date":"2012-09-05T11:43:44","date_gmt":"2012-09-05T14:43:44","guid":{"rendered":"http:\/\/archivosonoro.com.ar\/?p=3036"},"modified":"2012-09-05T12:13:10","modified_gmt":"2012-09-05T15:13:10","slug":"firma-de-actas-por-las-obras-del-fideicomiso-austral","status":"publish","type":"post","link":"https:\/\/archivosonoro.com.ar\/wordpress\/?p=3036","title":{"rendered":"Fideicomiso Austral: La nueva planta potabilizadora se llamar\u00e1 \u00abJos\u00e9 Carlos Mart\u00ednez\u00bb"},"content":{"rendered":"<p>Durante el acto de firma de las actas de inicio de las obras con fondos provenientes del Fideicomiso Austral, la gobernadora Fabiana R\u00edos resalt\u00f3 la figura del fallecido Senador Jos\u00e9 Mart\u00ednez y lo honr\u00f3 al ponerle su nombre a la nueva planta potabilizadora que se construir\u00e1 con fondos provenientes del Fideicomiso Austral. R\u00edos reconoci\u00f3 el trabajo de la Diputada Rosana Bertone y el senador Osvaldo Lopez. \u00abSi no estamos ac\u00e1 para resolver las necesidades de nuestra comunidad, no tiene ning\u00fan sentido la responsabilidad que ustedes nos han atribu\u00eddo y de la cual estamos profundamente honrados\u00bb, dijo la mandataria en un tramo de su discurso.<\/p>\n","protected":false},"excerpt":{"rendered":"<p>Durante el acto de firma de las actas de inicio de las obras con fondos provenientes del Fideicomiso Austral, la gobernadora Fabiana R\u00edos resalt\u00f3 la figura del fallecido Senador Jos\u00e9 Mart\u00ednez y lo honr\u00f3 al ponerle su nombre a la nueva planta potabilizadora que se construir\u00e1 con fondos provenientes del Fideicomiso Austral. R\u00edos reconoci\u00f3 el [&hellip;]<\/p>\n","protected":false},"author":7,"featured_media":0,"comment_status":"open","ping_status":"open","sticky":false,"template":"","format":"standard","meta":{"footnotes":""},"categories":[542],"tags":[251,59,39,33],"class_list":["post-3036","post","type-post","status-publish","format-standard","hentry","category-fm-ritual","tag-bertone","tag-lopez","tag-martinez","tag-rios"],"_links":{"self":[{"href":"https:\/\/archivosonoro.com.ar\/wordpress\/index.php?rest_route=\/wp\/v2\/posts\/3036","targetHints":{"allow":["GET"]}}],"collection":[{"href":"https:\/\/archivosonoro.com.ar\/wordpress\/index.php?rest_route=\/wp\/v2\/posts"}],"about":[{"href":"https:\/\/archivosonoro.com.ar\/wordpress\/index.php?rest_route=\/wp\/v2\/types\/post"}],"author":[{"embeddable":true,"href":"https:\/\/archivosonoro.com.ar\/wordpress\/index.php?rest_route=\/wp\/v2\/users\/7"}],"replies":[{"embeddable":true,"href":"https:\/\/archivosonoro.com.ar\/wordpress\/index.php?rest_route=%2Fwp%2Fv2%2Fcomments&post=3036"}],"version-history":[{"count":3,"href":"https:\/\/archivosonoro.com.ar\/wordpress\/index.php?rest_route=\/wp\/v2\/posts\/3036\/revisions"}],"predecessor-version":[{"id":3039,"href":"https:\/\/archivosonoro.com.ar\/wordpress\/index.php?rest_route=\/wp\/v2\/posts\/3036\/revisions\/3039"}],"wp:attachment":[{"href":"https:\/\/archivosonoro.com.ar\/wordpress\/index.php?rest_route=%2Fwp%2Fv2%2Fmedia&parent=3036"}],"wp:term":[{"taxonomy":"category","embeddable":true,"href":"https:\/\/archivosonoro.com.ar\/wordpress\/index.php?rest_route=%2Fwp%2Fv2%2Fcategories&post=3036"},{"taxonomy":"post_tag","embeddable":true,"href":"https:\/\/archivosonoro.com.ar\/wordpress\/index.php?rest_route=%2Fwp%2Fv2%2Ftags&post=3036"}],"curies":[{"name":"wp","href":"https:\/\/api.w.org\/{rel}","templated":true}]}}