{"id":3019,"date":"2012-09-04T12:01:35","date_gmt":"2012-09-04T15:01:35","guid":{"rendered":"http:\/\/archivosonoro.com.ar\/?p=3019"},"modified":"2012-09-04T13:54:15","modified_gmt":"2012-09-04T16:54:15","slug":"mayoral-a-afarte-se-reunio-con-rios-y-yutrovic","status":"publish","type":"post","link":"https:\/\/archivosonoro.com.ar\/wordpress\/?p=3019","title":{"rendered":"Mayoral A: AFARTE se reuni\u00f3 con R\u00edos y Yutrovic."},"content":{"rendered":"<p>Alejandro Mayoral habl\u00f3 del encuentro mantenido con la gobernadora de la provincia y la Ministra de Industria Carolina Yutrovic y calific\u00f3 de \u00abprudente y acertada\u00bb la decisi\u00f3n de mantener el equipo de trabajo en la orbita ministerial.<br \/>\nEl Presidente de AFARTE se\u00f1al\u00f3 que las funcionarias confirmaron que la tarifaria que se impulsa en la provincia no implicar\u00e1 mayor gravamen a las industrias y explic\u00f3: \u00abno es que no nos va a afectar porque tengamos alg\u00fan privilegio en particular, sino porque ya ven\u00edamos pagando el impuesto que ahora se extiende a otros sectores de la comunidad\u00bb.<\/p>\n","protected":false},"excerpt":{"rendered":"<p>Alejandro Mayoral habl\u00f3 del encuentro mantenido con la gobernadora de la provincia y la Ministra de Industria Carolina Yutrovic y calific\u00f3 de \u00abprudente y acertada\u00bb la decisi\u00f3n de mantener el equipo de trabajo en la orbita ministerial. El Presidente de AFARTE se\u00f1al\u00f3 que las funcionarias confirmaron que la tarifaria que se impulsa en la provincia [&hellip;]<\/p>\n","protected":false},"author":7,"featured_media":0,"comment_status":"open","ping_status":"open","sticky":false,"template":"","format":"standard","meta":{"footnotes":""},"categories":[542],"tags":[456,455,739],"class_list":["post-3019","post","type-post","status-publish","format-standard","hentry","category-fm-ritual","tag-afarte","tag-mayoral","tag-yutrovic"],"_links":{"self":[{"href":"https:\/\/archivosonoro.com.ar\/wordpress\/index.php?rest_route=\/wp\/v2\/posts\/3019","targetHints":{"allow":["GET"]}}],"collection":[{"href":"https:\/\/archivosonoro.com.ar\/wordpress\/index.php?rest_route=\/wp\/v2\/posts"}],"about":[{"href":"https:\/\/archivosonoro.com.ar\/wordpress\/index.php?rest_route=\/wp\/v2\/types\/post"}],"author":[{"embeddable":true,"href":"https:\/\/archivosonoro.com.ar\/wordpress\/index.php?rest_route=\/wp\/v2\/users\/7"}],"replies":[{"embeddable":true,"href":"https:\/\/archivosonoro.com.ar\/wordpress\/index.php?rest_route=%2Fwp%2Fv2%2Fcomments&post=3019"}],"version-history":[{"count":2,"href":"https:\/\/archivosonoro.com.ar\/wordpress\/index.php?rest_route=\/wp\/v2\/posts\/3019\/revisions"}],"predecessor-version":[{"id":3023,"href":"https:\/\/archivosonoro.com.ar\/wordpress\/index.php?rest_route=\/wp\/v2\/posts\/3019\/revisions\/3023"}],"wp:attachment":[{"href":"https:\/\/archivosonoro.com.ar\/wordpress\/index.php?rest_route=%2Fwp%2Fv2%2Fmedia&parent=3019"}],"wp:term":[{"taxonomy":"category","embeddable":true,"href":"https:\/\/archivosonoro.com.ar\/wordpress\/index.php?rest_route=%2Fwp%2Fv2%2Fcategories&post=3019"},{"taxonomy":"post_tag","embeddable":true,"href":"https:\/\/archivosonoro.com.ar\/wordpress\/index.php?rest_route=%2Fwp%2Fv2%2Ftags&post=3019"}],"curies":[{"name":"wp","href":"https:\/\/api.w.org\/{rel}","templated":true}]}}