{"id":3013,"date":"2012-09-04T10:58:52","date_gmt":"2012-09-04T13:58:52","guid":{"rendered":"http:\/\/archivosonoro.com.ar\/?p=3013"},"modified":"2012-09-04T10:58:52","modified_gmt":"2012-09-04T13:58:52","slug":"choren-r-tolhuin-los-numeros-estan-muy-complicados","status":"publish","type":"post","link":"https:\/\/archivosonoro.com.ar\/wordpress\/?p=3013","title":{"rendered":"Choren R: Tolhuin: \u00ablos n\u00fameros est\u00e1n muy complicados\u00bb."},"content":{"rendered":"<p>El Secretario de Finanzas de la Comuna de Tolhuin respondi\u00f3 en FM Ritual sobre el presupuesto 2013 presentado por el gobierno de la provincia aclarando que a\u00fan no lo analiz\u00f3 en profundidad y explic\u00f3 el mecanismo que se aplicar\u00eda si se concreta el proyecto de municipalizaci\u00f3n de la Comuna. Descart\u00f3 que se encare un nuevo censo \u00abel proyecto de municipalizaci\u00f3n indica que se tendr\u00e1 en cuenta el \u00faltimo censo nacional o provincial que este vigente\u00bb.<br \/>\nRafael Choren resumi\u00f3 la situaci\u00f3n financiera del Coraz\u00f3n de la Isla y el trabajo que se lleva adelante para cumplir con todas las obligaciones. <\/p>\n","protected":false},"excerpt":{"rendered":"<p>El Secretario de Finanzas de la Comuna de Tolhuin respondi\u00f3 en FM Ritual sobre el presupuesto 2013 presentado por el gobierno de la provincia aclarando que a\u00fan no lo analiz\u00f3 en profundidad y explic\u00f3 el mecanismo que se aplicar\u00eda si se concreta el proyecto de municipalizaci\u00f3n de la Comuna. Descart\u00f3 que se encare un nuevo [&hellip;]<\/p>\n","protected":false},"author":7,"featured_media":0,"comment_status":"open","ping_status":"open","sticky":false,"template":"","format":"standard","meta":{"footnotes":""},"categories":[542],"tags":[555,203],"class_list":["post-3013","post","type-post","status-publish","format-standard","hentry","category-fm-ritual","tag-choren","tag-tolhuin"],"_links":{"self":[{"href":"https:\/\/archivosonoro.com.ar\/wordpress\/index.php?rest_route=\/wp\/v2\/posts\/3013","targetHints":{"allow":["GET"]}}],"collection":[{"href":"https:\/\/archivosonoro.com.ar\/wordpress\/index.php?rest_route=\/wp\/v2\/posts"}],"about":[{"href":"https:\/\/archivosonoro.com.ar\/wordpress\/index.php?rest_route=\/wp\/v2\/types\/post"}],"author":[{"embeddable":true,"href":"https:\/\/archivosonoro.com.ar\/wordpress\/index.php?rest_route=\/wp\/v2\/users\/7"}],"replies":[{"embeddable":true,"href":"https:\/\/archivosonoro.com.ar\/wordpress\/index.php?rest_route=%2Fwp%2Fv2%2Fcomments&post=3013"}],"version-history":[{"count":1,"href":"https:\/\/archivosonoro.com.ar\/wordpress\/index.php?rest_route=\/wp\/v2\/posts\/3013\/revisions"}],"predecessor-version":[{"id":3014,"href":"https:\/\/archivosonoro.com.ar\/wordpress\/index.php?rest_route=\/wp\/v2\/posts\/3013\/revisions\/3014"}],"wp:attachment":[{"href":"https:\/\/archivosonoro.com.ar\/wordpress\/index.php?rest_route=%2Fwp%2Fv2%2Fmedia&parent=3013"}],"wp:term":[{"taxonomy":"category","embeddable":true,"href":"https:\/\/archivosonoro.com.ar\/wordpress\/index.php?rest_route=%2Fwp%2Fv2%2Fcategories&post=3013"},{"taxonomy":"post_tag","embeddable":true,"href":"https:\/\/archivosonoro.com.ar\/wordpress\/index.php?rest_route=%2Fwp%2Fv2%2Ftags&post=3013"}],"curies":[{"name":"wp","href":"https:\/\/api.w.org\/{rel}","templated":true}]}}