{"id":2972,"date":"2012-09-01T11:28:41","date_gmt":"2012-09-01T14:28:41","guid":{"rendered":"http:\/\/archivosonoro.com.ar\/?p=2972"},"modified":"2012-09-01T11:28:41","modified_gmt":"2012-09-01T14:28:41","slug":"vera-j-se-conforma-el-centro-de-jubilados-y-pensionados-de-ate","status":"publish","type":"post","link":"https:\/\/archivosonoro.com.ar\/wordpress\/?p=2972","title":{"rendered":"Vera J: Se conforma el Centro de Jubilados y Pensionados de ATE."},"content":{"rendered":"<p>Juan Vera confirm\u00f3 la conformaci\u00f3n del Centro de Jubilados y Pensionados de ATE con la integraci\u00f3n de una comisi\u00f3n normalizadora que llamar\u00e1 a elecciones en 60 d\u00edas.<br \/>\nEntrevistado en FM Masters, Vera plante\u00f3 las diferencias con la conducci\u00f3n sindical respecto a la propuesta de cancelaci\u00f3n de deuda del IPAUSS sin consensuar con los trabajadores: \u00abes un golpe en lo personal, por eso hice algunos planteos\u00bb, expres\u00f3 y detall\u00f3 los puntos en los que opina diferente a la propuesta presentada.<\/p>\n","protected":false},"excerpt":{"rendered":"<p>Juan Vera confirm\u00f3 la conformaci\u00f3n del Centro de Jubilados y Pensionados de ATE con la integraci\u00f3n de una comisi\u00f3n normalizadora que llamar\u00e1 a elecciones en 60 d\u00edas. Entrevistado en FM Masters, Vera plante\u00f3 las diferencias con la conducci\u00f3n sindical respecto a la propuesta de cancelaci\u00f3n de deuda del IPAUSS sin consensuar con los trabajadores: \u00abes [&hellip;]<\/p>\n","protected":false},"author":7,"featured_media":0,"comment_status":"open","ping_status":"open","sticky":false,"template":"","format":"standard","meta":{"footnotes":""},"categories":[228],"tags":[10,840,5,133],"class_list":["post-2972","post","type-post","status-publish","format-standard","hentry","category-fm-masters","tag-ate","tag-centro-de-jubilados-y-pensionados-de-ate","tag-ipauss","tag-vera"],"_links":{"self":[{"href":"https:\/\/archivosonoro.com.ar\/wordpress\/index.php?rest_route=\/wp\/v2\/posts\/2972","targetHints":{"allow":["GET"]}}],"collection":[{"href":"https:\/\/archivosonoro.com.ar\/wordpress\/index.php?rest_route=\/wp\/v2\/posts"}],"about":[{"href":"https:\/\/archivosonoro.com.ar\/wordpress\/index.php?rest_route=\/wp\/v2\/types\/post"}],"author":[{"embeddable":true,"href":"https:\/\/archivosonoro.com.ar\/wordpress\/index.php?rest_route=\/wp\/v2\/users\/7"}],"replies":[{"embeddable":true,"href":"https:\/\/archivosonoro.com.ar\/wordpress\/index.php?rest_route=%2Fwp%2Fv2%2Fcomments&post=2972"}],"version-history":[{"count":1,"href":"https:\/\/archivosonoro.com.ar\/wordpress\/index.php?rest_route=\/wp\/v2\/posts\/2972\/revisions"}],"predecessor-version":[{"id":2974,"href":"https:\/\/archivosonoro.com.ar\/wordpress\/index.php?rest_route=\/wp\/v2\/posts\/2972\/revisions\/2974"}],"wp:attachment":[{"href":"https:\/\/archivosonoro.com.ar\/wordpress\/index.php?rest_route=%2Fwp%2Fv2%2Fmedia&parent=2972"}],"wp:term":[{"taxonomy":"category","embeddable":true,"href":"https:\/\/archivosonoro.com.ar\/wordpress\/index.php?rest_route=%2Fwp%2Fv2%2Fcategories&post=2972"},{"taxonomy":"post_tag","embeddable":true,"href":"https:\/\/archivosonoro.com.ar\/wordpress\/index.php?rest_route=%2Fwp%2Fv2%2Ftags&post=2972"}],"curies":[{"name":"wp","href":"https:\/\/api.w.org\/{rel}","templated":true}]}}