{"id":2958,"date":"2012-08-31T11:02:14","date_gmt":"2012-08-31T14:02:14","guid":{"rendered":"http:\/\/archivosonoro.com.ar\/?p=2958"},"modified":"2012-10-03T01:05:24","modified_gmt":"2012-10-03T04:05:24","slug":"fundacion-dar-dia-de-la-obstetricia-y-la-embarazada","status":"publish","type":"post","link":"https:\/\/archivosonoro.com.ar\/wordpress\/?p=2958","title":{"rendered":"Fundaci\u00f3n Dar: D\u00eda de la obstetricia y la embarazada."},"content":{"rendered":"<p>En el D\u00eda de la Obstetricia y la Embarazada, la Dra. Silvia Smith, de la Fundaci\u00f3n Dar, resalt\u00f3 el trabajo que realizan desde la concepci\u00f3n cuidando al beb\u00e9 que se empieza a formar en la panza de la mam\u00e1 cuidando la nutrici\u00f3n para favorecer el desarrollo neurol\u00f3gico de ese ni\u00f1o para que el d\u00eda de ma\u00f1ana tenga igualdad de condiciones por un buen desarrollo neuronal.<br \/>\nSmith habl\u00f3 del riesgo del embarazo en adolescentes y en mujeres mayores de 35 a\u00f1os y se\u00f1al\u00f3 que el trabajo no termina cuando nace el beb\u00e9 sino que contin\u00faan con el apoyo en la lactancia y la atenci\u00f3n de los ni\u00f1os.<\/p>\n","protected":false},"excerpt":{"rendered":"<p>En el D\u00eda de la Obstetricia y la Embarazada, la Dra. Silvia Smith, de la Fundaci\u00f3n Dar, resalt\u00f3 el trabajo que realizan desde la concepci\u00f3n cuidando al beb\u00e9 que se empieza a formar en la panza de la mam\u00e1 cuidando la nutrici\u00f3n para favorecer el desarrollo neurol\u00f3gico de ese ni\u00f1o para que el d\u00eda de [&hellip;]<\/p>\n","protected":false},"author":7,"featured_media":0,"comment_status":"open","ping_status":"open","sticky":false,"template":"","format":"standard","meta":{"footnotes":""},"categories":[542],"tags":[795],"class_list":["post-2958","post","type-post","status-publish","format-standard","hentry","category-fm-ritual","tag-fundacion-dar"],"_links":{"self":[{"href":"https:\/\/archivosonoro.com.ar\/wordpress\/index.php?rest_route=\/wp\/v2\/posts\/2958","targetHints":{"allow":["GET"]}}],"collection":[{"href":"https:\/\/archivosonoro.com.ar\/wordpress\/index.php?rest_route=\/wp\/v2\/posts"}],"about":[{"href":"https:\/\/archivosonoro.com.ar\/wordpress\/index.php?rest_route=\/wp\/v2\/types\/post"}],"author":[{"embeddable":true,"href":"https:\/\/archivosonoro.com.ar\/wordpress\/index.php?rest_route=\/wp\/v2\/users\/7"}],"replies":[{"embeddable":true,"href":"https:\/\/archivosonoro.com.ar\/wordpress\/index.php?rest_route=%2Fwp%2Fv2%2Fcomments&post=2958"}],"version-history":[{"count":2,"href":"https:\/\/archivosonoro.com.ar\/wordpress\/index.php?rest_route=\/wp\/v2\/posts\/2958\/revisions"}],"predecessor-version":[{"id":3426,"href":"https:\/\/archivosonoro.com.ar\/wordpress\/index.php?rest_route=\/wp\/v2\/posts\/2958\/revisions\/3426"}],"wp:attachment":[{"href":"https:\/\/archivosonoro.com.ar\/wordpress\/index.php?rest_route=%2Fwp%2Fv2%2Fmedia&parent=2958"}],"wp:term":[{"taxonomy":"category","embeddable":true,"href":"https:\/\/archivosonoro.com.ar\/wordpress\/index.php?rest_route=%2Fwp%2Fv2%2Fcategories&post=2958"},{"taxonomy":"post_tag","embeddable":true,"href":"https:\/\/archivosonoro.com.ar\/wordpress\/index.php?rest_route=%2Fwp%2Fv2%2Ftags&post=2958"}],"curies":[{"name":"wp","href":"https:\/\/api.w.org\/{rel}","templated":true}]}}