{"id":2941,"date":"2012-08-30T11:32:26","date_gmt":"2012-08-30T14:32:26","guid":{"rendered":"http:\/\/archivosonoro.com.ar\/?p=2941"},"modified":"2012-08-30T11:32:26","modified_gmt":"2012-08-30T14:32:26","slug":"gimenez-f-hemos-votado-un-gobierno-que-tiene-otra-prioridad-que-no-es-la-salud-publica-y-la-educacion","status":"publish","type":"post","link":"https:\/\/archivosonoro.com.ar\/wordpress\/?p=2941","title":{"rendered":"Gimenez F: \u00abhemos votado un gobierno que tiene otra prioridad que no es la salud p\u00fablica y la educaci\u00f3n\u00bb."},"content":{"rendered":"<p>El Presidente del Colegio de Abogados de R\u00edo Grande respondi\u00f3, desde el punto de vista jur\u00eddico, sobre la obligaci\u00f3n \u00e9tica de los funcionarios de atender los requerimientos de los medios de prensa. Opin\u00f3 que la forma de comunicaci\u00f3n de los actos de gobierno que tiene la gesti\u00f3n de R\u00edos es mediante gacetilla o con la participaci\u00f3n en \u00abaquellos programas en donde tienen asegurado el mon\u00f3logo o la pregun-tonta\u00bb.<br \/>\nEntrevistado en FM Ritual, Gimenez dijo: \u00abhoy el proyecto de provincia es al 30 de cada mes a ver cuanto hay en el tesoro y si se pueden pagar los sueldos\u00bb y agreg\u00f3: \u00abhemos votado, lamentablemente, un gobierno que tiene otra prioridad que no es la salud p\u00fablica y la educaci\u00f3n\u00bb.<\/p>\n","protected":false},"excerpt":{"rendered":"<p>El Presidente del Colegio de Abogados de R\u00edo Grande respondi\u00f3, desde el punto de vista jur\u00eddico, sobre la obligaci\u00f3n \u00e9tica de los funcionarios de atender los requerimientos de los medios de prensa. Opin\u00f3 que la forma de comunicaci\u00f3n de los actos de gobierno que tiene la gesti\u00f3n de R\u00edos es mediante gacetilla o con la [&hellip;]<\/p>\n","protected":false},"author":7,"featured_media":0,"comment_status":"open","ping_status":"open","sticky":false,"template":"","format":"standard","meta":{"footnotes":""},"categories":[542],"tags":[335],"class_list":["post-2941","post","type-post","status-publish","format-standard","hentry","category-fm-ritual","tag-gimenez"],"_links":{"self":[{"href":"https:\/\/archivosonoro.com.ar\/wordpress\/index.php?rest_route=\/wp\/v2\/posts\/2941","targetHints":{"allow":["GET"]}}],"collection":[{"href":"https:\/\/archivosonoro.com.ar\/wordpress\/index.php?rest_route=\/wp\/v2\/posts"}],"about":[{"href":"https:\/\/archivosonoro.com.ar\/wordpress\/index.php?rest_route=\/wp\/v2\/types\/post"}],"author":[{"embeddable":true,"href":"https:\/\/archivosonoro.com.ar\/wordpress\/index.php?rest_route=\/wp\/v2\/users\/7"}],"replies":[{"embeddable":true,"href":"https:\/\/archivosonoro.com.ar\/wordpress\/index.php?rest_route=%2Fwp%2Fv2%2Fcomments&post=2941"}],"version-history":[{"count":1,"href":"https:\/\/archivosonoro.com.ar\/wordpress\/index.php?rest_route=\/wp\/v2\/posts\/2941\/revisions"}],"predecessor-version":[{"id":2947,"href":"https:\/\/archivosonoro.com.ar\/wordpress\/index.php?rest_route=\/wp\/v2\/posts\/2941\/revisions\/2947"}],"wp:attachment":[{"href":"https:\/\/archivosonoro.com.ar\/wordpress\/index.php?rest_route=%2Fwp%2Fv2%2Fmedia&parent=2941"}],"wp:term":[{"taxonomy":"category","embeddable":true,"href":"https:\/\/archivosonoro.com.ar\/wordpress\/index.php?rest_route=%2Fwp%2Fv2%2Fcategories&post=2941"},{"taxonomy":"post_tag","embeddable":true,"href":"https:\/\/archivosonoro.com.ar\/wordpress\/index.php?rest_route=%2Fwp%2Fv2%2Ftags&post=2941"}],"curies":[{"name":"wp","href":"https:\/\/api.w.org\/{rel}","templated":true}]}}