{"id":2933,"date":"2012-08-30T10:51:24","date_gmt":"2012-08-30T13:51:24","guid":{"rendered":"http:\/\/archivosonoro.com.ar\/?p=2933"},"modified":"2012-08-30T11:17:25","modified_gmt":"2012-08-30T14:17:25","slug":"ravaglia-d-reforma-tarifaria-esperamos-que-se-apruebe-alguno-de-los-4-proyectos-que-presentamos","status":"publish","type":"post","link":"https:\/\/archivosonoro.com.ar\/wordpress\/?p=2933","title":{"rendered":"Ravaglia D: Reforma Tarifaria: \u00abEsperamos que se apruebe alguno de los 4 proyectos que presentamos\u00bb"},"content":{"rendered":"<p>Daniel Ravaglia habl\u00f3 del proyecto de presupuesto provincial que debe presentarse ma\u00f1ana  y admiti\u00f3 que en el lapso en que est\u00e9 debati\u00e9ndose en el \u00e1mbito parlamentario, podr\u00eda haber definiciones sobre la Ley 648; en la renegociaci\u00f3n de los contratos petroleros o el cobro por malas liquidaciones de regal\u00edas que alterar\u00eda los recursos presupuestados.<br \/>\nEl funcionario no quiso dar el n\u00famero que se espera recaudar con el proyecto de reforma tarifaria: \u00abnosotros esperamos que se apruebe alguno de los 4 proyectos que fueron presentados y de acuerdo a cuales sean aprobados y con las modificaciones, tirar un n\u00famero y acertar ser\u00eda como jugar a la quiniela\u00bb, asegur\u00f3 en FM Ritual.<br \/>\nFinalmente, justific\u00f3 el silencio del Ministro de Econom\u00eda en los medios provinciales.<\/p>\n","protected":false},"excerpt":{"rendered":"<p>Daniel Ravaglia habl\u00f3 del proyecto de presupuesto provincial que debe presentarse ma\u00f1ana y admiti\u00f3 que en el lapso en que est\u00e9 debati\u00e9ndose en el \u00e1mbito parlamentario, podr\u00eda haber definiciones sobre la Ley 648; en la renegociaci\u00f3n de los contratos petroleros o el cobro por malas liquidaciones de regal\u00edas que alterar\u00eda los recursos presupuestados. El funcionario [&hellip;]<\/p>\n","protected":false},"author":7,"featured_media":0,"comment_status":"open","ping_status":"open","sticky":false,"template":"","format":"standard","meta":{"footnotes":""},"categories":[542],"tags":[165],"class_list":["post-2933","post","type-post","status-publish","format-standard","hentry","category-fm-ritual","tag-ravaglia"],"_links":{"self":[{"href":"https:\/\/archivosonoro.com.ar\/wordpress\/index.php?rest_route=\/wp\/v2\/posts\/2933","targetHints":{"allow":["GET"]}}],"collection":[{"href":"https:\/\/archivosonoro.com.ar\/wordpress\/index.php?rest_route=\/wp\/v2\/posts"}],"about":[{"href":"https:\/\/archivosonoro.com.ar\/wordpress\/index.php?rest_route=\/wp\/v2\/types\/post"}],"author":[{"embeddable":true,"href":"https:\/\/archivosonoro.com.ar\/wordpress\/index.php?rest_route=\/wp\/v2\/users\/7"}],"replies":[{"embeddable":true,"href":"https:\/\/archivosonoro.com.ar\/wordpress\/index.php?rest_route=%2Fwp%2Fv2%2Fcomments&post=2933"}],"version-history":[{"count":2,"href":"https:\/\/archivosonoro.com.ar\/wordpress\/index.php?rest_route=\/wp\/v2\/posts\/2933\/revisions"}],"predecessor-version":[{"id":2943,"href":"https:\/\/archivosonoro.com.ar\/wordpress\/index.php?rest_route=\/wp\/v2\/posts\/2933\/revisions\/2943"}],"wp:attachment":[{"href":"https:\/\/archivosonoro.com.ar\/wordpress\/index.php?rest_route=%2Fwp%2Fv2%2Fmedia&parent=2933"}],"wp:term":[{"taxonomy":"category","embeddable":true,"href":"https:\/\/archivosonoro.com.ar\/wordpress\/index.php?rest_route=%2Fwp%2Fv2%2Fcategories&post=2933"},{"taxonomy":"post_tag","embeddable":true,"href":"https:\/\/archivosonoro.com.ar\/wordpress\/index.php?rest_route=%2Fwp%2Fv2%2Ftags&post=2933"}],"curies":[{"name":"wp","href":"https:\/\/api.w.org\/{rel}","templated":true}]}}