{"id":2886,"date":"2012-08-28T10:21:42","date_gmt":"2012-08-28T13:21:42","guid":{"rendered":"http:\/\/archivosonoro.com.ar\/?p=2886"},"modified":"2012-08-28T10:21:42","modified_gmt":"2012-08-28T13:21:42","slug":"hospital-rio-grande-no-habra-guardias-de-enfermeria-a-partir-del-1-de-septiembre","status":"publish","type":"post","link":"https:\/\/archivosonoro.com.ar\/wordpress\/?p=2886","title":{"rendered":"Hospital R\u00edo Grande: No habr\u00e1 guardias de enfermer\u00eda a partir del 1\u00b0 de septiembre."},"content":{"rendered":"<p>El Sindicato \u00danico de Enfermeros Fueguinos resolvi\u00f3 en Asamblea trabajar a reglamento, lo que significa no hacer turnos extra en enfermer\u00eda a partir del 1\u00b0 de septiembre con lo que no se cubrir\u00e1 el recurso humano de enfermer\u00eda. La medida se mantendr\u00e1 \u00abhasta obtener alguna respuesta al petitorio elevado o alguna entrevista con gente del gobierno que estamos pidiendo desde marzo y no nos reciben\u00bb, inform\u00f3 M\u00f3nica Moyano en FM Ritual.<\/p>\n","protected":false},"excerpt":{"rendered":"<p>El Sindicato \u00danico de Enfermeros Fueguinos resolvi\u00f3 en Asamblea trabajar a reglamento, lo que significa no hacer turnos extra en enfermer\u00eda a partir del 1\u00b0 de septiembre con lo que no se cubrir\u00e1 el recurso humano de enfermer\u00eda. La medida se mantendr\u00e1 \u00abhasta obtener alguna respuesta al petitorio elevado o alguna entrevista con gente del [&hellip;]<\/p>\n","protected":false},"author":7,"featured_media":0,"comment_status":"open","ping_status":"open","sticky":false,"template":"","format":"standard","meta":{"footnotes":""},"categories":[542],"tags":[828],"class_list":["post-2886","post","type-post","status-publish","format-standard","hentry","category-fm-ritual","tag-hospital-rio-grande"],"_links":{"self":[{"href":"https:\/\/archivosonoro.com.ar\/wordpress\/index.php?rest_route=\/wp\/v2\/posts\/2886","targetHints":{"allow":["GET"]}}],"collection":[{"href":"https:\/\/archivosonoro.com.ar\/wordpress\/index.php?rest_route=\/wp\/v2\/posts"}],"about":[{"href":"https:\/\/archivosonoro.com.ar\/wordpress\/index.php?rest_route=\/wp\/v2\/types\/post"}],"author":[{"embeddable":true,"href":"https:\/\/archivosonoro.com.ar\/wordpress\/index.php?rest_route=\/wp\/v2\/users\/7"}],"replies":[{"embeddable":true,"href":"https:\/\/archivosonoro.com.ar\/wordpress\/index.php?rest_route=%2Fwp%2Fv2%2Fcomments&post=2886"}],"version-history":[{"count":1,"href":"https:\/\/archivosonoro.com.ar\/wordpress\/index.php?rest_route=\/wp\/v2\/posts\/2886\/revisions"}],"predecessor-version":[{"id":2887,"href":"https:\/\/archivosonoro.com.ar\/wordpress\/index.php?rest_route=\/wp\/v2\/posts\/2886\/revisions\/2887"}],"wp:attachment":[{"href":"https:\/\/archivosonoro.com.ar\/wordpress\/index.php?rest_route=%2Fwp%2Fv2%2Fmedia&parent=2886"}],"wp:term":[{"taxonomy":"category","embeddable":true,"href":"https:\/\/archivosonoro.com.ar\/wordpress\/index.php?rest_route=%2Fwp%2Fv2%2Fcategories&post=2886"},{"taxonomy":"post_tag","embeddable":true,"href":"https:\/\/archivosonoro.com.ar\/wordpress\/index.php?rest_route=%2Fwp%2Fv2%2Ftags&post=2886"}],"curies":[{"name":"wp","href":"https:\/\/api.w.org\/{rel}","templated":true}]}}