{"id":2881,"date":"2012-08-28T09:59:02","date_gmt":"2012-08-28T12:59:02","guid":{"rendered":"http:\/\/archivosonoro.com.ar\/?p=2881"},"modified":"2012-08-28T09:59:02","modified_gmt":"2012-08-28T12:59:02","slug":"canga-p-tarifaria-fiscal-la-asociacion-rural-manifesto-la-voluntad-de-pago","status":"publish","type":"post","link":"https:\/\/archivosonoro.com.ar\/wordpress\/?p=2881","title":{"rendered":"Canga P: Tarifaria Fiscal: La Asociaci\u00f3n Rural manifest\u00f3 la voluntad de pago."},"content":{"rendered":"<p>Pablo Canga manifest\u00f3 la voluntad de pago del sector rural y se\u00f1al\u00f3 que en la reuni\u00f3n con la Comisi\u00f3n de Econom\u00eda de la Legislatura provincial para opinar sobre el proyecto gubernamental de reforma tarifaria presentaron su posici\u00f3n y de ah\u00ed, quedaron a la espera.<br \/>\nEl Presidente de la Sociedad Rural respondi\u00f3 sobre el gravamen a la tierra improductiva y asegur\u00f3: \u00abno conozco un socio de la Asociaci\u00f3n Rural de Tierra del Fuego que tenga un campo improductivo. Si lo tiene, en algunos casos no produciendo al 100%, no es por falta de ganas sino por un problema terrible que es fundamentalmente los perros\u00bb, dijo en FM Ritual.<\/p>\n","protected":false},"excerpt":{"rendered":"<p>Pablo Canga manifest\u00f3 la voluntad de pago del sector rural y se\u00f1al\u00f3 que en la reuni\u00f3n con la Comisi\u00f3n de Econom\u00eda de la Legislatura provincial para opinar sobre el proyecto gubernamental de reforma tarifaria presentaron su posici\u00f3n y de ah\u00ed, quedaron a la espera. El Presidente de la Sociedad Rural respondi\u00f3 sobre el gravamen a [&hellip;]<\/p>\n","protected":false},"author":7,"featured_media":0,"comment_status":"open","ping_status":"open","sticky":false,"template":"","format":"standard","meta":{"footnotes":""},"categories":[542],"tags":[156,790],"class_list":["post-2881","post","type-post","status-publish","format-standard","hentry","category-fm-ritual","tag-canga","tag-reforma-tarifaria"],"_links":{"self":[{"href":"https:\/\/archivosonoro.com.ar\/wordpress\/index.php?rest_route=\/wp\/v2\/posts\/2881","targetHints":{"allow":["GET"]}}],"collection":[{"href":"https:\/\/archivosonoro.com.ar\/wordpress\/index.php?rest_route=\/wp\/v2\/posts"}],"about":[{"href":"https:\/\/archivosonoro.com.ar\/wordpress\/index.php?rest_route=\/wp\/v2\/types\/post"}],"author":[{"embeddable":true,"href":"https:\/\/archivosonoro.com.ar\/wordpress\/index.php?rest_route=\/wp\/v2\/users\/7"}],"replies":[{"embeddable":true,"href":"https:\/\/archivosonoro.com.ar\/wordpress\/index.php?rest_route=%2Fwp%2Fv2%2Fcomments&post=2881"}],"version-history":[{"count":1,"href":"https:\/\/archivosonoro.com.ar\/wordpress\/index.php?rest_route=\/wp\/v2\/posts\/2881\/revisions"}],"predecessor-version":[{"id":2882,"href":"https:\/\/archivosonoro.com.ar\/wordpress\/index.php?rest_route=\/wp\/v2\/posts\/2881\/revisions\/2882"}],"wp:attachment":[{"href":"https:\/\/archivosonoro.com.ar\/wordpress\/index.php?rest_route=%2Fwp%2Fv2%2Fmedia&parent=2881"}],"wp:term":[{"taxonomy":"category","embeddable":true,"href":"https:\/\/archivosonoro.com.ar\/wordpress\/index.php?rest_route=%2Fwp%2Fv2%2Fcategories&post=2881"},{"taxonomy":"post_tag","embeddable":true,"href":"https:\/\/archivosonoro.com.ar\/wordpress\/index.php?rest_route=%2Fwp%2Fv2%2Ftags&post=2881"}],"curies":[{"name":"wp","href":"https:\/\/api.w.org\/{rel}","templated":true}]}}