{"id":2849,"date":"2012-08-26T01:32:43","date_gmt":"2012-08-26T04:32:43","guid":{"rendered":"http:\/\/archivosonoro.com.ar\/?p=2849"},"modified":"2012-08-26T01:32:43","modified_gmt":"2012-08-26T04:32:43","slug":"catalan-magni-j-estamos-pagando-las-alianzas-de-campana","status":"publish","type":"post","link":"https:\/\/archivosonoro.com.ar\/wordpress\/?p=2849","title":{"rendered":"Catal\u00e1n Magni J: \u00abEstamos pagando las alianzas de campa\u00f1a\u00bb."},"content":{"rendered":"<p>Julio Catal\u00e1n Magni marc\u00f3 el rechazo del FPV a la reforma tarifaria impulsada por el gobierno, resalt\u00f3 la moviliaci\u00f3n convocada por la UOM como \u00abla expresi\u00f3n de un pueblo contra una reacci\u00f3n desmedida\u00bb y reclam\u00f3 responsabilidad a la hora de gestionar. Durante la entrevista de Estaci\u00f3n Patagonia, el diputado dijo que hoy estamos pagando las alianzas de campa\u00f1a en pos de generar el poder sea como sea.<\/p>\n","protected":false},"excerpt":{"rendered":"<p>Julio Catal\u00e1n Magni marc\u00f3 el rechazo del FPV a la reforma tarifaria impulsada por el gobierno, resalt\u00f3 la moviliaci\u00f3n convocada por la UOM como \u00abla expresi\u00f3n de un pueblo contra una reacci\u00f3n desmedida\u00bb y reclam\u00f3 responsabilidad a la hora de gestionar. Durante la entrevista de Estaci\u00f3n Patagonia, el diputado dijo que hoy estamos pagando las [&hellip;]<\/p>\n","protected":false},"author":7,"featured_media":0,"comment_status":"open","ping_status":"open","sticky":false,"template":"","format":"standard","meta":{"footnotes":""},"categories":[634],"tags":[198,53,457],"class_list":["post-2849","post","type-post","status-publish","format-standard","hentry","category-estacion-patagonia","tag-catalan-magni","tag-fpv","tag-uom"],"_links":{"self":[{"href":"https:\/\/archivosonoro.com.ar\/wordpress\/index.php?rest_route=\/wp\/v2\/posts\/2849","targetHints":{"allow":["GET"]}}],"collection":[{"href":"https:\/\/archivosonoro.com.ar\/wordpress\/index.php?rest_route=\/wp\/v2\/posts"}],"about":[{"href":"https:\/\/archivosonoro.com.ar\/wordpress\/index.php?rest_route=\/wp\/v2\/types\/post"}],"author":[{"embeddable":true,"href":"https:\/\/archivosonoro.com.ar\/wordpress\/index.php?rest_route=\/wp\/v2\/users\/7"}],"replies":[{"embeddable":true,"href":"https:\/\/archivosonoro.com.ar\/wordpress\/index.php?rest_route=%2Fwp%2Fv2%2Fcomments&post=2849"}],"version-history":[{"count":1,"href":"https:\/\/archivosonoro.com.ar\/wordpress\/index.php?rest_route=\/wp\/v2\/posts\/2849\/revisions"}],"predecessor-version":[{"id":2850,"href":"https:\/\/archivosonoro.com.ar\/wordpress\/index.php?rest_route=\/wp\/v2\/posts\/2849\/revisions\/2850"}],"wp:attachment":[{"href":"https:\/\/archivosonoro.com.ar\/wordpress\/index.php?rest_route=%2Fwp%2Fv2%2Fmedia&parent=2849"}],"wp:term":[{"taxonomy":"category","embeddable":true,"href":"https:\/\/archivosonoro.com.ar\/wordpress\/index.php?rest_route=%2Fwp%2Fv2%2Fcategories&post=2849"},{"taxonomy":"post_tag","embeddable":true,"href":"https:\/\/archivosonoro.com.ar\/wordpress\/index.php?rest_route=%2Fwp%2Fv2%2Ftags&post=2849"}],"curies":[{"name":"wp","href":"https:\/\/api.w.org\/{rel}","templated":true}]}}