{"id":2847,"date":"2012-08-26T01:17:01","date_gmt":"2012-08-26T04:17:01","guid":{"rendered":"http:\/\/archivosonoro.com.ar\/?p=2847"},"modified":"2012-08-26T01:17:01","modified_gmt":"2012-08-26T04:17:01","slug":"dos-preguntan-los-numeros-de-la-provincia-3","status":"publish","type":"post","link":"https:\/\/archivosonoro.com.ar\/wordpress\/?p=2847","title":{"rendered":"Dos preguntan: los n\u00fameros de la provincia."},"content":{"rendered":"<p>Con la incorporaci\u00f3n de Mario Ferreyra, decano de la UTN, se inicia el cuarto bloque de \u00abDos preguntan\u00bb profundizando en el tema de la educaci\u00f3n t\u00e9cnica y la formaci\u00f3n de j\u00f3venes profesionales para dar paso a las conclusiones finales de cada participante.<\/p>\n","protected":false},"excerpt":{"rendered":"<p>Con la incorporaci\u00f3n de Mario Ferreyra, decano de la UTN, se inicia el cuarto bloque de \u00abDos preguntan\u00bb profundizando en el tema de la educaci\u00f3n t\u00e9cnica y la formaci\u00f3n de j\u00f3venes profesionales para dar paso a las conclusiones finales de cada participante.<\/p>\n","protected":false},"author":7,"featured_media":0,"comment_status":"open","ping_status":"open","sticky":false,"template":"","format":"standard","meta":{"footnotes":""},"categories":[543],"tags":[601,398],"class_list":["post-2847","post","type-post","status-publish","format-standard","hentry","category-fm-universidad","tag-ferreyra","tag-utn"],"_links":{"self":[{"href":"https:\/\/archivosonoro.com.ar\/wordpress\/index.php?rest_route=\/wp\/v2\/posts\/2847","targetHints":{"allow":["GET"]}}],"collection":[{"href":"https:\/\/archivosonoro.com.ar\/wordpress\/index.php?rest_route=\/wp\/v2\/posts"}],"about":[{"href":"https:\/\/archivosonoro.com.ar\/wordpress\/index.php?rest_route=\/wp\/v2\/types\/post"}],"author":[{"embeddable":true,"href":"https:\/\/archivosonoro.com.ar\/wordpress\/index.php?rest_route=\/wp\/v2\/users\/7"}],"replies":[{"embeddable":true,"href":"https:\/\/archivosonoro.com.ar\/wordpress\/index.php?rest_route=%2Fwp%2Fv2%2Fcomments&post=2847"}],"version-history":[{"count":1,"href":"https:\/\/archivosonoro.com.ar\/wordpress\/index.php?rest_route=\/wp\/v2\/posts\/2847\/revisions"}],"predecessor-version":[{"id":2848,"href":"https:\/\/archivosonoro.com.ar\/wordpress\/index.php?rest_route=\/wp\/v2\/posts\/2847\/revisions\/2848"}],"wp:attachment":[{"href":"https:\/\/archivosonoro.com.ar\/wordpress\/index.php?rest_route=%2Fwp%2Fv2%2Fmedia&parent=2847"}],"wp:term":[{"taxonomy":"category","embeddable":true,"href":"https:\/\/archivosonoro.com.ar\/wordpress\/index.php?rest_route=%2Fwp%2Fv2%2Fcategories&post=2847"},{"taxonomy":"post_tag","embeddable":true,"href":"https:\/\/archivosonoro.com.ar\/wordpress\/index.php?rest_route=%2Fwp%2Fv2%2Ftags&post=2847"}],"curies":[{"name":"wp","href":"https:\/\/api.w.org\/{rel}","templated":true}]}}