{"id":2843,"date":"2012-08-25T23:18:41","date_gmt":"2012-08-26T02:18:41","guid":{"rendered":"http:\/\/archivosonoro.com.ar\/?p=2843"},"modified":"2012-08-25T23:19:52","modified_gmt":"2012-08-26T02:19:52","slug":"dos-preguntan-los-numeros-de-la-provincia-2","status":"publish","type":"post","link":"https:\/\/archivosonoro.com.ar\/wordpress\/?p=2843","title":{"rendered":"Dos preguntan: los n\u00fameros de la provincia."},"content":{"rendered":"<p>Un nuevo panelista se suma en el tercer bloque de \u00abDos preguntan\u00bb, Diego Navarro, representante de la C\u00e1mara de Comercio de R\u00edo Grande, quien reafirm\u00f3 el total rechazo del sector al aumento de la al\u00edcuota a los ingresos brutos propuesto por el gobierno en su proyecto de tarifaria fiscal que analiza la Legislatura. Confront\u00f3 la aseveraci\u00f3n de la gobernadora R\u00edos quien sostuvo que cuando asumi\u00f3 su mandato, se pagaba por este tributo un \u00edndice mayor y ella lo baj\u00f3. Por su parte, Victor D\u00edaz aclar\u00f3 que desde Encuentro Popular no est\u00e1n de acuerdo de ninguna manera con achicar el estado; Juan Carlos Arcando sostuvo que este impuesto terminan pag\u00e1ndolo los que menos tienen y el representante del sector rural, dijo que el impuesto propuesto para su sector \u00abes confiscatorio\u00bb<\/p>\n","protected":false},"excerpt":{"rendered":"<p>Un nuevo panelista se suma en el tercer bloque de \u00abDos preguntan\u00bb, Diego Navarro, representante de la C\u00e1mara de Comercio de R\u00edo Grande, quien reafirm\u00f3 el total rechazo del sector al aumento de la al\u00edcuota a los ingresos brutos propuesto por el gobierno en su proyecto de tarifaria fiscal que analiza la Legislatura. Confront\u00f3 la [&hellip;]<\/p>\n","protected":false},"author":7,"featured_media":0,"comment_status":"open","ping_status":"open","sticky":false,"template":"","format":"standard","meta":{"footnotes":""},"categories":[543],"tags":[67,57,392],"class_list":["post-2843","post","type-post","status-publish","format-standard","hentry","category-fm-universidad","tag-arcando","tag-diaz","tag-navarro"],"_links":{"self":[{"href":"https:\/\/archivosonoro.com.ar\/wordpress\/index.php?rest_route=\/wp\/v2\/posts\/2843","targetHints":{"allow":["GET"]}}],"collection":[{"href":"https:\/\/archivosonoro.com.ar\/wordpress\/index.php?rest_route=\/wp\/v2\/posts"}],"about":[{"href":"https:\/\/archivosonoro.com.ar\/wordpress\/index.php?rest_route=\/wp\/v2\/types\/post"}],"author":[{"embeddable":true,"href":"https:\/\/archivosonoro.com.ar\/wordpress\/index.php?rest_route=\/wp\/v2\/users\/7"}],"replies":[{"embeddable":true,"href":"https:\/\/archivosonoro.com.ar\/wordpress\/index.php?rest_route=%2Fwp%2Fv2%2Fcomments&post=2843"}],"version-history":[{"count":2,"href":"https:\/\/archivosonoro.com.ar\/wordpress\/index.php?rest_route=\/wp\/v2\/posts\/2843\/revisions"}],"predecessor-version":[{"id":2845,"href":"https:\/\/archivosonoro.com.ar\/wordpress\/index.php?rest_route=\/wp\/v2\/posts\/2843\/revisions\/2845"}],"wp:attachment":[{"href":"https:\/\/archivosonoro.com.ar\/wordpress\/index.php?rest_route=%2Fwp%2Fv2%2Fmedia&parent=2843"}],"wp:term":[{"taxonomy":"category","embeddable":true,"href":"https:\/\/archivosonoro.com.ar\/wordpress\/index.php?rest_route=%2Fwp%2Fv2%2Fcategories&post=2843"},{"taxonomy":"post_tag","embeddable":true,"href":"https:\/\/archivosonoro.com.ar\/wordpress\/index.php?rest_route=%2Fwp%2Fv2%2Ftags&post=2843"}],"curies":[{"name":"wp","href":"https:\/\/api.w.org\/{rel}","templated":true}]}}