{"id":2841,"date":"2012-08-25T12:18:31","date_gmt":"2012-08-25T15:18:31","guid":{"rendered":"http:\/\/archivosonoro.com.ar\/?p=2841"},"modified":"2012-08-25T12:18:31","modified_gmt":"2012-08-25T15:18:31","slug":"dos-preguntan-los-numeros-de-la-provincia","status":"publish","type":"post","link":"https:\/\/archivosonoro.com.ar\/wordpress\/?p=2841","title":{"rendered":"Dos Preguntan: los n\u00fameros de la provincia."},"content":{"rendered":"<p>Durante el segundo bloque de la ma\u00f1ana de FM Universidad, se suman a la mesa Angel Rol\u00f3n y Am\u00e9rico Forconi de la C\u00e1mara Metal Mec\u00e1nica Fueguina; el Legislador del Frente para la Victoria, Juan Carlos Arcando y por el sector rural,  Pablo Luvitz. Continuando con el an\u00e1lisis de los n\u00fameros de la provincia, cada sector da su opini\u00f3n y Arcando introduce el an\u00e1lisis de la formaci\u00f3n t\u00e9cnica de los trabajadores.<\/p>\n","protected":false},"excerpt":{"rendered":"<p>Durante el segundo bloque de la ma\u00f1ana de FM Universidad, se suman a la mesa Angel Rol\u00f3n y Am\u00e9rico Forconi de la C\u00e1mara Metal Mec\u00e1nica Fueguina; el Legislador del Frente para la Victoria, Juan Carlos Arcando y por el sector rural, Pablo Luvitz. Continuando con el an\u00e1lisis de los n\u00fameros de la provincia, cada sector [&hellip;]<\/p>\n","protected":false},"author":7,"featured_media":0,"comment_status":"open","ping_status":"open","sticky":false,"template":"","format":"standard","meta":{"footnotes":""},"categories":[543],"tags":[67,819,820,818],"class_list":["post-2841","post","type-post","status-publish","format-standard","hentry","category-fm-universidad","tag-arcando","tag-forconi","tag-luvitz","tag-rolon"],"_links":{"self":[{"href":"https:\/\/archivosonoro.com.ar\/wordpress\/index.php?rest_route=\/wp\/v2\/posts\/2841","targetHints":{"allow":["GET"]}}],"collection":[{"href":"https:\/\/archivosonoro.com.ar\/wordpress\/index.php?rest_route=\/wp\/v2\/posts"}],"about":[{"href":"https:\/\/archivosonoro.com.ar\/wordpress\/index.php?rest_route=\/wp\/v2\/types\/post"}],"author":[{"embeddable":true,"href":"https:\/\/archivosonoro.com.ar\/wordpress\/index.php?rest_route=\/wp\/v2\/users\/7"}],"replies":[{"embeddable":true,"href":"https:\/\/archivosonoro.com.ar\/wordpress\/index.php?rest_route=%2Fwp%2Fv2%2Fcomments&post=2841"}],"version-history":[{"count":1,"href":"https:\/\/archivosonoro.com.ar\/wordpress\/index.php?rest_route=\/wp\/v2\/posts\/2841\/revisions"}],"predecessor-version":[{"id":2842,"href":"https:\/\/archivosonoro.com.ar\/wordpress\/index.php?rest_route=\/wp\/v2\/posts\/2841\/revisions\/2842"}],"wp:attachment":[{"href":"https:\/\/archivosonoro.com.ar\/wordpress\/index.php?rest_route=%2Fwp%2Fv2%2Fmedia&parent=2841"}],"wp:term":[{"taxonomy":"category","embeddable":true,"href":"https:\/\/archivosonoro.com.ar\/wordpress\/index.php?rest_route=%2Fwp%2Fv2%2Fcategories&post=2841"},{"taxonomy":"post_tag","embeddable":true,"href":"https:\/\/archivosonoro.com.ar\/wordpress\/index.php?rest_route=%2Fwp%2Fv2%2Ftags&post=2841"}],"curies":[{"name":"wp","href":"https:\/\/api.w.org\/{rel}","templated":true}]}}