{"id":2839,"date":"2012-08-25T11:51:31","date_gmt":"2012-08-25T14:51:31","guid":{"rendered":"http:\/\/archivosonoro.com.ar\/?p=2839"},"modified":"2012-08-25T11:51:31","modified_gmt":"2012-08-25T14:51:31","slug":"diaz-v-cuentas-publicas-nos-mintieron-a-todo-el-pueblo-de-tierra-del-fuego","status":"publish","type":"post","link":"https:\/\/archivosonoro.com.ar\/wordpress\/?p=2839","title":{"rendered":"D\u00edaz V: Cuentas p\u00fablicas: \u00abnos mintieron a todo el pueblo de Tierra del Fuego\u00bb."},"content":{"rendered":"<p>Desde los estudios de FM Universidad, el referente de Encuentro Popular, Victor D\u00edaz, dio detalles del trabajo realizado sobre el uso del dinero p\u00fablico por parte del ejecutivo provincial, elaborado sobre datos oficiales. Se\u00f1ala el trabajo, que el gobierno utiliza fondos con otros destinos para financiar gastos corrientes \u00aby esto se da particularmente, al momento de pago de sueldos\u00bb.<br \/>\nDurante su participaci\u00f3n en \u00abDos preguntan\u00bb, D\u00edaz se\u00f1al\u00f3 que han probado lo que dicen y fue presentado en la justicia. Habl\u00f3 de un d\u00e9ficit estructural y de un impacto de la masa salarial sobre los recursos netos de la provincia del 132%. Tambi\u00e9n, afirm\u00f3 que lo que dijo el gobierno durante la campa\u00f1a electoral del a\u00f1o pasado sobre el reordenamiento de las cuentas p\u00fablicas fue una \u00abestafa electoral, le dijeron al pueblo que hab\u00edan equilibrado las cuentas p\u00fablicas, nos mintieron a todo el pueblo de Tierra del Fuego\u00bb.<\/p>\n","protected":false},"excerpt":{"rendered":"<p>Desde los estudios de FM Universidad, el referente de Encuentro Popular, Victor D\u00edaz, dio detalles del trabajo realizado sobre el uso del dinero p\u00fablico por parte del ejecutivo provincial, elaborado sobre datos oficiales. Se\u00f1ala el trabajo, que el gobierno utiliza fondos con otros destinos para financiar gastos corrientes \u00aby esto se da particularmente, al momento [&hellip;]<\/p>\n","protected":false},"author":7,"featured_media":0,"comment_status":"open","ping_status":"open","sticky":false,"template":"","format":"standard","meta":{"footnotes":""},"categories":[543],"tags":[57],"class_list":["post-2839","post","type-post","status-publish","format-standard","hentry","category-fm-universidad","tag-diaz"],"_links":{"self":[{"href":"https:\/\/archivosonoro.com.ar\/wordpress\/index.php?rest_route=\/wp\/v2\/posts\/2839","targetHints":{"allow":["GET"]}}],"collection":[{"href":"https:\/\/archivosonoro.com.ar\/wordpress\/index.php?rest_route=\/wp\/v2\/posts"}],"about":[{"href":"https:\/\/archivosonoro.com.ar\/wordpress\/index.php?rest_route=\/wp\/v2\/types\/post"}],"author":[{"embeddable":true,"href":"https:\/\/archivosonoro.com.ar\/wordpress\/index.php?rest_route=\/wp\/v2\/users\/7"}],"replies":[{"embeddable":true,"href":"https:\/\/archivosonoro.com.ar\/wordpress\/index.php?rest_route=%2Fwp%2Fv2%2Fcomments&post=2839"}],"version-history":[{"count":1,"href":"https:\/\/archivosonoro.com.ar\/wordpress\/index.php?rest_route=\/wp\/v2\/posts\/2839\/revisions"}],"predecessor-version":[{"id":2840,"href":"https:\/\/archivosonoro.com.ar\/wordpress\/index.php?rest_route=\/wp\/v2\/posts\/2839\/revisions\/2840"}],"wp:attachment":[{"href":"https:\/\/archivosonoro.com.ar\/wordpress\/index.php?rest_route=%2Fwp%2Fv2%2Fmedia&parent=2839"}],"wp:term":[{"taxonomy":"category","embeddable":true,"href":"https:\/\/archivosonoro.com.ar\/wordpress\/index.php?rest_route=%2Fwp%2Fv2%2Fcategories&post=2839"},{"taxonomy":"post_tag","embeddable":true,"href":"https:\/\/archivosonoro.com.ar\/wordpress\/index.php?rest_route=%2Fwp%2Fv2%2Ftags&post=2839"}],"curies":[{"name":"wp","href":"https:\/\/api.w.org\/{rel}","templated":true}]}}