{"id":2822,"date":"2012-08-23T12:21:03","date_gmt":"2012-08-23T15:21:03","guid":{"rendered":"http:\/\/archivosonoro.com.ar\/?p=2822"},"modified":"2012-08-23T12:21:03","modified_gmt":"2012-08-23T15:21:03","slug":"ferreyra-m-gremios-contra-la-tarifaria-es-una-reaccion-de-justicia","status":"publish","type":"post","link":"https:\/\/archivosonoro.com.ar\/wordpress\/?p=2822","title":{"rendered":"Ferreyra M: Gremios contra la tarifaria: \u00abes una reacci\u00f3n de justicia\u00bb."},"content":{"rendered":"<p>Mario Ferreyra, decano de la UTN, afirm\u00f3 que la reacci\u00f3n de los gremios encabezados por la UOM R\u00edo Grande \u00abes una reacci\u00f3n de justicia porque no puede ser que una provincia, donde la principal pol\u00edtica es la exenci\u00f3n impositiva, haya un gobierno que quiere aumentar los impuestos aduciendo que casi no llega a pagar los sueldos. Entonces que dejen de tomar empleados y dejen de tomar gente de otras provincias porque ac\u00e1 le estamos solucionando el problema de empleo a otras provincias a costa del presupuesto provincial\u00bb.<\/p>\n","protected":false},"excerpt":{"rendered":"<p>Mario Ferreyra, decano de la UTN, afirm\u00f3 que la reacci\u00f3n de los gremios encabezados por la UOM R\u00edo Grande \u00abes una reacci\u00f3n de justicia porque no puede ser que una provincia, donde la principal pol\u00edtica es la exenci\u00f3n impositiva, haya un gobierno que quiere aumentar los impuestos aduciendo que casi no llega a pagar los [&hellip;]<\/p>\n","protected":false},"author":7,"featured_media":0,"comment_status":"open","ping_status":"open","sticky":false,"template":"","format":"standard","meta":{"footnotes":""},"categories":[543],"tags":[601,215],"class_list":["post-2822","post","type-post","status-publish","format-standard","hentry","category-fm-universidad","tag-ferreyra","tag-tarifaria"],"_links":{"self":[{"href":"https:\/\/archivosonoro.com.ar\/wordpress\/index.php?rest_route=\/wp\/v2\/posts\/2822","targetHints":{"allow":["GET"]}}],"collection":[{"href":"https:\/\/archivosonoro.com.ar\/wordpress\/index.php?rest_route=\/wp\/v2\/posts"}],"about":[{"href":"https:\/\/archivosonoro.com.ar\/wordpress\/index.php?rest_route=\/wp\/v2\/types\/post"}],"author":[{"embeddable":true,"href":"https:\/\/archivosonoro.com.ar\/wordpress\/index.php?rest_route=\/wp\/v2\/users\/7"}],"replies":[{"embeddable":true,"href":"https:\/\/archivosonoro.com.ar\/wordpress\/index.php?rest_route=%2Fwp%2Fv2%2Fcomments&post=2822"}],"version-history":[{"count":1,"href":"https:\/\/archivosonoro.com.ar\/wordpress\/index.php?rest_route=\/wp\/v2\/posts\/2822\/revisions"}],"predecessor-version":[{"id":2824,"href":"https:\/\/archivosonoro.com.ar\/wordpress\/index.php?rest_route=\/wp\/v2\/posts\/2822\/revisions\/2824"}],"wp:attachment":[{"href":"https:\/\/archivosonoro.com.ar\/wordpress\/index.php?rest_route=%2Fwp%2Fv2%2Fmedia&parent=2822"}],"wp:term":[{"taxonomy":"category","embeddable":true,"href":"https:\/\/archivosonoro.com.ar\/wordpress\/index.php?rest_route=%2Fwp%2Fv2%2Fcategories&post=2822"},{"taxonomy":"post_tag","embeddable":true,"href":"https:\/\/archivosonoro.com.ar\/wordpress\/index.php?rest_route=%2Fwp%2Fv2%2Ftags&post=2822"}],"curies":[{"name":"wp","href":"https:\/\/api.w.org\/{rel}","templated":true}]}}