{"id":2821,"date":"2012-08-23T12:12:54","date_gmt":"2012-08-23T15:12:54","guid":{"rendered":"http:\/\/archivosonoro.com.ar\/?p=2821"},"modified":"2012-08-23T12:12:54","modified_gmt":"2012-08-23T15:12:54","slug":"perpetto-r-reclaman-supuestos-sobresueldos-en-autoridades-municipales-de-rio-grande","status":"publish","type":"post","link":"https:\/\/archivosonoro.com.ar\/wordpress\/?p=2821","title":{"rendered":"Perpetto R: Reclaman supuestos sobresueldos en autoridades municipales de R\u00edo Grande."},"content":{"rendered":"<p>Desde los estudios de FM Universidad, Rodolfo Perpetto explic\u00f3 la presentaci\u00f3n que se hizo en el Ministerio de Trabajo y el Concejo deliberante de la ciudad de R\u00edo Grande por supuestos sobresueldos que estar\u00edan cobrando el Intendente y sus funcionarios, Concejales, Jueza de Faltas y Tribunal de Cuentas de la ciudad de R\u00edo Grande.<br \/>\nPerpetto dijo que \u00abse manejan con impunidad\u00bb y pidi\u00f3 que \u00abno se le siga haciendo esta porquer\u00eda al pueblo de R\u00edo Grande\u00bb.<\/p>\n","protected":false},"excerpt":{"rendered":"<p>Desde los estudios de FM Universidad, Rodolfo Perpetto explic\u00f3 la presentaci\u00f3n que se hizo en el Ministerio de Trabajo y el Concejo deliberante de la ciudad de R\u00edo Grande por supuestos sobresueldos que estar\u00edan cobrando el Intendente y sus funcionarios, Concejales, Jueza de Faltas y Tribunal de Cuentas de la ciudad de R\u00edo Grande. Perpetto [&hellip;]<\/p>\n","protected":false},"author":7,"featured_media":0,"comment_status":"open","ping_status":"open","sticky":false,"template":"","format":"standard","meta":{"footnotes":""},"categories":[543],"tags":[655],"class_list":["post-2821","post","type-post","status-publish","format-standard","hentry","category-fm-universidad","tag-perpetto"],"_links":{"self":[{"href":"https:\/\/archivosonoro.com.ar\/wordpress\/index.php?rest_route=\/wp\/v2\/posts\/2821","targetHints":{"allow":["GET"]}}],"collection":[{"href":"https:\/\/archivosonoro.com.ar\/wordpress\/index.php?rest_route=\/wp\/v2\/posts"}],"about":[{"href":"https:\/\/archivosonoro.com.ar\/wordpress\/index.php?rest_route=\/wp\/v2\/types\/post"}],"author":[{"embeddable":true,"href":"https:\/\/archivosonoro.com.ar\/wordpress\/index.php?rest_route=\/wp\/v2\/users\/7"}],"replies":[{"embeddable":true,"href":"https:\/\/archivosonoro.com.ar\/wordpress\/index.php?rest_route=%2Fwp%2Fv2%2Fcomments&post=2821"}],"version-history":[{"count":1,"href":"https:\/\/archivosonoro.com.ar\/wordpress\/index.php?rest_route=\/wp\/v2\/posts\/2821\/revisions"}],"predecessor-version":[{"id":2823,"href":"https:\/\/archivosonoro.com.ar\/wordpress\/index.php?rest_route=\/wp\/v2\/posts\/2821\/revisions\/2823"}],"wp:attachment":[{"href":"https:\/\/archivosonoro.com.ar\/wordpress\/index.php?rest_route=%2Fwp%2Fv2%2Fmedia&parent=2821"}],"wp:term":[{"taxonomy":"category","embeddable":true,"href":"https:\/\/archivosonoro.com.ar\/wordpress\/index.php?rest_route=%2Fwp%2Fv2%2Fcategories&post=2821"},{"taxonomy":"post_tag","embeddable":true,"href":"https:\/\/archivosonoro.com.ar\/wordpress\/index.php?rest_route=%2Fwp%2Fv2%2Ftags&post=2821"}],"curies":[{"name":"wp","href":"https:\/\/api.w.org\/{rel}","templated":true}]}}