{"id":2813,"date":"2012-08-23T11:05:23","date_gmt":"2012-08-23T14:05:23","guid":{"rendered":"http:\/\/archivosonoro.com.ar\/?p=2813"},"modified":"2012-08-23T11:05:23","modified_gmt":"2012-08-23T14:05:23","slug":"fraga-r-el-unitarismo-ha-llegado-a-su-maxima-expresion","status":"publish","type":"post","link":"https:\/\/archivosonoro.com.ar\/wordpress\/?p=2813","title":{"rendered":"Fraga R: \u00abEl unitarismo ha llegado a su m\u00e1xima expresi\u00f3n\u00bb."},"content":{"rendered":"<p>El analista Rosendo Fraga dijo que el mayor conflicto pol\u00edtico institucional que hay en la Argentina es entre las provincias y el Estado nacional por la distribuci\u00f3n de los recursos. \u00abVarias provincias plantean que quieren recuperar el 15% que entregaron en el a\u00f1o &#8217;92 cuando se modific\u00f3 el r\u00e9gimen jubilatorio y por otro lado, vemos las 10 provincias petroleras planteando diferencias respecto al manejo de la pol\u00edtica hidrocarbur\u00edferas\u00bb, explic\u00f3 en FM Ritual.<br \/>\nFraga habl\u00f3 de la sumisi\u00f3n de las provincias al poder central y afirm\u00f3 \u00abse ha ido consolidando un unitarismo y ha llegado en este momento a su m\u00e1xima expresi\u00f3n como evoluci\u00f3n de una tendencia\u00bb, a\u00f1adiendo que \u00abpareciera que las provincias solo miran el corto plazo y olvidan las cuestiones del mediano y largo plazo\u00bb.<\/p>\n","protected":false},"excerpt":{"rendered":"<p>El analista Rosendo Fraga dijo que el mayor conflicto pol\u00edtico institucional que hay en la Argentina es entre las provincias y el Estado nacional por la distribuci\u00f3n de los recursos. \u00abVarias provincias plantean que quieren recuperar el 15% que entregaron en el a\u00f1o &#8217;92 cuando se modific\u00f3 el r\u00e9gimen jubilatorio y por otro lado, vemos [&hellip;]<\/p>\n","protected":false},"author":7,"featured_media":0,"comment_status":"open","ping_status":"open","sticky":false,"template":"","format":"standard","meta":{"footnotes":""},"categories":[542],"tags":[816],"class_list":["post-2813","post","type-post","status-publish","format-standard","hentry","category-fm-ritual","tag-fraga"],"_links":{"self":[{"href":"https:\/\/archivosonoro.com.ar\/wordpress\/index.php?rest_route=\/wp\/v2\/posts\/2813","targetHints":{"allow":["GET"]}}],"collection":[{"href":"https:\/\/archivosonoro.com.ar\/wordpress\/index.php?rest_route=\/wp\/v2\/posts"}],"about":[{"href":"https:\/\/archivosonoro.com.ar\/wordpress\/index.php?rest_route=\/wp\/v2\/types\/post"}],"author":[{"embeddable":true,"href":"https:\/\/archivosonoro.com.ar\/wordpress\/index.php?rest_route=\/wp\/v2\/users\/7"}],"replies":[{"embeddable":true,"href":"https:\/\/archivosonoro.com.ar\/wordpress\/index.php?rest_route=%2Fwp%2Fv2%2Fcomments&post=2813"}],"version-history":[{"count":1,"href":"https:\/\/archivosonoro.com.ar\/wordpress\/index.php?rest_route=\/wp\/v2\/posts\/2813\/revisions"}],"predecessor-version":[{"id":2814,"href":"https:\/\/archivosonoro.com.ar\/wordpress\/index.php?rest_route=\/wp\/v2\/posts\/2813\/revisions\/2814"}],"wp:attachment":[{"href":"https:\/\/archivosonoro.com.ar\/wordpress\/index.php?rest_route=%2Fwp%2Fv2%2Fmedia&parent=2813"}],"wp:term":[{"taxonomy":"category","embeddable":true,"href":"https:\/\/archivosonoro.com.ar\/wordpress\/index.php?rest_route=%2Fwp%2Fv2%2Fcategories&post=2813"},{"taxonomy":"post_tag","embeddable":true,"href":"https:\/\/archivosonoro.com.ar\/wordpress\/index.php?rest_route=%2Fwp%2Fv2%2Ftags&post=2813"}],"curies":[{"name":"wp","href":"https:\/\/api.w.org\/{rel}","templated":true}]}}