{"id":2800,"date":"2012-08-22T12:35:50","date_gmt":"2012-08-22T15:35:50","guid":{"rendered":"http:\/\/archivosonoro.com.ar\/?p=2800"},"modified":"2012-08-22T12:35:50","modified_gmt":"2012-08-22T15:35:50","slug":"colazo-j-duras-criticas-al-gobierno-sordo-de-fabiana-rios","status":"publish","type":"post","link":"https:\/\/archivosonoro.com.ar\/wordpress\/?p=2800","title":{"rendered":"Colazo J: Duras cr\u00edticas al gobierno \u00absordo\u00bb de Fabiana R\u00edos."},"content":{"rendered":"<p>El Senador Jorge Colazo habl\u00f3 de la importancia de la creaci\u00f3n de la Universidad Nacional de Tierra del Fuego y cuestion\u00f3 la demora del gobierno en la puesta en funciones de la casa de estudios y dijo que \u00ablas expectativas que ten\u00edamos no est\u00e1n porque faltan varias carreras\u00bb.<br \/>\nEn FM Ritual se manifest\u00f3 en contra del aumento a la al\u00edcuota a los ingresos brutos y adelant\u00f3 que apoyar\u00e1 la marcha de la UOM de ma\u00f1ana: \u00abcuando en Europa los sindicatos m\u00e1s importantes hablan de desocupaci\u00f3n, de ajuste, de despidos, nosotros en Argentina estamos sentados en paritarias y ac\u00e1 en la provincia hablan de ajustes, es una locura. Con esto le marco la situaci\u00f3n del gobierno provincial, un gobierno realmente sordo\u00bb, afirm\u00f3.<\/p>\n","protected":false},"excerpt":{"rendered":"<p>El Senador Jorge Colazo habl\u00f3 de la importancia de la creaci\u00f3n de la Universidad Nacional de Tierra del Fuego y cuestion\u00f3 la demora del gobierno en la puesta en funciones de la casa de estudios y dijo que \u00ablas expectativas que ten\u00edamos no est\u00e1n porque faltan varias carreras\u00bb. En FM Ritual se manifest\u00f3 en contra [&hellip;]<\/p>\n","protected":false},"author":7,"featured_media":0,"comment_status":"open","ping_status":"open","sticky":false,"template":"","format":"standard","meta":{"footnotes":""},"categories":[542],"tags":[372,33],"class_list":["post-2800","post","type-post","status-publish","format-standard","hentry","category-fm-ritual","tag-colazo","tag-rios"],"_links":{"self":[{"href":"https:\/\/archivosonoro.com.ar\/wordpress\/index.php?rest_route=\/wp\/v2\/posts\/2800","targetHints":{"allow":["GET"]}}],"collection":[{"href":"https:\/\/archivosonoro.com.ar\/wordpress\/index.php?rest_route=\/wp\/v2\/posts"}],"about":[{"href":"https:\/\/archivosonoro.com.ar\/wordpress\/index.php?rest_route=\/wp\/v2\/types\/post"}],"author":[{"embeddable":true,"href":"https:\/\/archivosonoro.com.ar\/wordpress\/index.php?rest_route=\/wp\/v2\/users\/7"}],"replies":[{"embeddable":true,"href":"https:\/\/archivosonoro.com.ar\/wordpress\/index.php?rest_route=%2Fwp%2Fv2%2Fcomments&post=2800"}],"version-history":[{"count":1,"href":"https:\/\/archivosonoro.com.ar\/wordpress\/index.php?rest_route=\/wp\/v2\/posts\/2800\/revisions"}],"predecessor-version":[{"id":2801,"href":"https:\/\/archivosonoro.com.ar\/wordpress\/index.php?rest_route=\/wp\/v2\/posts\/2800\/revisions\/2801"}],"wp:attachment":[{"href":"https:\/\/archivosonoro.com.ar\/wordpress\/index.php?rest_route=%2Fwp%2Fv2%2Fmedia&parent=2800"}],"wp:term":[{"taxonomy":"category","embeddable":true,"href":"https:\/\/archivosonoro.com.ar\/wordpress\/index.php?rest_route=%2Fwp%2Fv2%2Fcategories&post=2800"},{"taxonomy":"post_tag","embeddable":true,"href":"https:\/\/archivosonoro.com.ar\/wordpress\/index.php?rest_route=%2Fwp%2Fv2%2Ftags&post=2800"}],"curies":[{"name":"wp","href":"https:\/\/api.w.org\/{rel}","templated":true}]}}