{"id":2782,"date":"2012-08-22T01:36:57","date_gmt":"2012-08-22T04:36:57","guid":{"rendered":"http:\/\/archivosonoro.com.ar\/?p=2782"},"modified":"2012-08-22T01:36:57","modified_gmt":"2012-08-22T04:36:57","slug":"ahi-viene-la-gente-de-salinas","status":"publish","type":"post","link":"https:\/\/archivosonoro.com.ar\/wordpress\/?p=2782","title":{"rendered":"\u00abAh\u00ed viene la gente de Salinas\u00bb"},"content":{"rendered":"<p>\u00abVinimos autoconvocados a traer un petitorio para que se eleve a la UOCRA central y cuando llegamos a la sede el Sr. Salinas obviamente con sus secuaces, nos esperaba con palos y botellas y entraron a la agresi\u00f3n. Nosotros vinimos pac\u00edficamente, se sumaron otros compa\u00f1eros y estamos esperando a la autoridad competente\u00bb, explic\u00f3 en Estaci\u00f3n Patagonia Daniel, trabajador de la UOCRA, mientras permanec\u00eda dentro de la sede sindical. Adem\u00e1s, explic\u00f3 algunos de los reclamos que llevan contra la comisi\u00f3n directiva y resalt\u00f3 que solicitan la intervenci\u00f3n del sindicato. En momentos en que se desarrollaba la nota, el entrevistado grita: \u00abAh\u00ed viene la gente de Salinas, pueden venir?\u00bb y se interrumpi\u00f3 la comunicaci\u00f3n telef\u00f3nica.<\/p>\n","protected":false},"excerpt":{"rendered":"<p>\u00abVinimos autoconvocados a traer un petitorio para que se eleve a la UOCRA central y cuando llegamos a la sede el Sr. Salinas obviamente con sus secuaces, nos esperaba con palos y botellas y entraron a la agresi\u00f3n. Nosotros vinimos pac\u00edficamente, se sumaron otros compa\u00f1eros y estamos esperando a la autoridad competente\u00bb, explic\u00f3 en Estaci\u00f3n [&hellip;]<\/p>\n","protected":false},"author":7,"featured_media":0,"comment_status":"open","ping_status":"open","sticky":false,"template":"","format":"standard","meta":{"footnotes":""},"categories":[634],"tags":[810,448,449],"class_list":["post-2782","post","type-post","status-publish","format-standard","hentry","category-estacion-patagonia","tag-daniel","tag-salinas","tag-uocra"],"_links":{"self":[{"href":"https:\/\/archivosonoro.com.ar\/wordpress\/index.php?rest_route=\/wp\/v2\/posts\/2782","targetHints":{"allow":["GET"]}}],"collection":[{"href":"https:\/\/archivosonoro.com.ar\/wordpress\/index.php?rest_route=\/wp\/v2\/posts"}],"about":[{"href":"https:\/\/archivosonoro.com.ar\/wordpress\/index.php?rest_route=\/wp\/v2\/types\/post"}],"author":[{"embeddable":true,"href":"https:\/\/archivosonoro.com.ar\/wordpress\/index.php?rest_route=\/wp\/v2\/users\/7"}],"replies":[{"embeddable":true,"href":"https:\/\/archivosonoro.com.ar\/wordpress\/index.php?rest_route=%2Fwp%2Fv2%2Fcomments&post=2782"}],"version-history":[{"count":1,"href":"https:\/\/archivosonoro.com.ar\/wordpress\/index.php?rest_route=\/wp\/v2\/posts\/2782\/revisions"}],"predecessor-version":[{"id":2783,"href":"https:\/\/archivosonoro.com.ar\/wordpress\/index.php?rest_route=\/wp\/v2\/posts\/2782\/revisions\/2783"}],"wp:attachment":[{"href":"https:\/\/archivosonoro.com.ar\/wordpress\/index.php?rest_route=%2Fwp%2Fv2%2Fmedia&parent=2782"}],"wp:term":[{"taxonomy":"category","embeddable":true,"href":"https:\/\/archivosonoro.com.ar\/wordpress\/index.php?rest_route=%2Fwp%2Fv2%2Fcategories&post=2782"},{"taxonomy":"post_tag","embeddable":true,"href":"https:\/\/archivosonoro.com.ar\/wordpress\/index.php?rest_route=%2Fwp%2Fv2%2Ftags&post=2782"}],"curies":[{"name":"wp","href":"https:\/\/api.w.org\/{rel}","templated":true}]}}