{"id":2770,"date":"2012-08-21T10:56:10","date_gmt":"2012-08-21T13:56:10","guid":{"rendered":"http:\/\/archivosonoro.com.ar\/?p=2770"},"modified":"2012-08-21T10:56:10","modified_gmt":"2012-08-21T13:56:10","slug":"fassi-g-llevara-unos-18-meses-sanear-la-contaminacion-en-la-zona-del-colegio-maria-auxiliadora","status":"publish","type":"post","link":"https:\/\/archivosonoro.com.ar\/wordpress\/?p=2770","title":{"rendered":"Fassi G: Llevar\u00e1 unos 18 meses sanear la contaminaci\u00f3n en la zona del Colegio Mar\u00eda Auxiliadora."},"content":{"rendered":"<p>\u00abDesde hace una semana tanto el gobierno municipal como provincial contamos con el informe t\u00e9cnico elaborado por YPF que habla de una contaminaci\u00f3n a trav\u00e9s hidrocarburos en toda la zona alrededor de la estaci\u00f3n de servicio y el Colegio Mar\u00eda Auxiliadora\u00bb, confirm\u00f3 el Director de Ecolog\u00eda y Medio Ambiente de la Municipalidad de R\u00edo Grande.<br \/>\nEntrevistado en FM Ritual, Guillermo Fassi dio detalles de la tarea que se debe llevar adelante para sanear la zona; se\u00f1al\u00f3 que \u00abse estima que ser\u00e1n entre 5 y 6 meses de extracci\u00f3n permanente de esos l\u00edquidos\u00bb y que el saneamiento completo puede durar unos 18 meses.<\/p>\n","protected":false},"excerpt":{"rendered":"<p>\u00abDesde hace una semana tanto el gobierno municipal como provincial contamos con el informe t\u00e9cnico elaborado por YPF que habla de una contaminaci\u00f3n a trav\u00e9s hidrocarburos en toda la zona alrededor de la estaci\u00f3n de servicio y el Colegio Mar\u00eda Auxiliadora\u00bb, confirm\u00f3 el Director de Ecolog\u00eda y Medio Ambiente de la Municipalidad de R\u00edo Grande. [&hellip;]<\/p>\n","protected":false},"author":7,"featured_media":0,"comment_status":"open","ping_status":"open","sticky":false,"template":"","format":"standard","meta":{"footnotes":""},"categories":[542],"tags":[680,807],"class_list":["post-2770","post","type-post","status-publish","format-standard","hentry","category-fm-ritual","tag-colegio-maria-auxiliadora","tag-fassi"],"_links":{"self":[{"href":"https:\/\/archivosonoro.com.ar\/wordpress\/index.php?rest_route=\/wp\/v2\/posts\/2770","targetHints":{"allow":["GET"]}}],"collection":[{"href":"https:\/\/archivosonoro.com.ar\/wordpress\/index.php?rest_route=\/wp\/v2\/posts"}],"about":[{"href":"https:\/\/archivosonoro.com.ar\/wordpress\/index.php?rest_route=\/wp\/v2\/types\/post"}],"author":[{"embeddable":true,"href":"https:\/\/archivosonoro.com.ar\/wordpress\/index.php?rest_route=\/wp\/v2\/users\/7"}],"replies":[{"embeddable":true,"href":"https:\/\/archivosonoro.com.ar\/wordpress\/index.php?rest_route=%2Fwp%2Fv2%2Fcomments&post=2770"}],"version-history":[{"count":1,"href":"https:\/\/archivosonoro.com.ar\/wordpress\/index.php?rest_route=\/wp\/v2\/posts\/2770\/revisions"}],"predecessor-version":[{"id":2772,"href":"https:\/\/archivosonoro.com.ar\/wordpress\/index.php?rest_route=\/wp\/v2\/posts\/2770\/revisions\/2772"}],"wp:attachment":[{"href":"https:\/\/archivosonoro.com.ar\/wordpress\/index.php?rest_route=%2Fwp%2Fv2%2Fmedia&parent=2770"}],"wp:term":[{"taxonomy":"category","embeddable":true,"href":"https:\/\/archivosonoro.com.ar\/wordpress\/index.php?rest_route=%2Fwp%2Fv2%2Fcategories&post=2770"},{"taxonomy":"post_tag","embeddable":true,"href":"https:\/\/archivosonoro.com.ar\/wordpress\/index.php?rest_route=%2Fwp%2Fv2%2Ftags&post=2770"}],"curies":[{"name":"wp","href":"https:\/\/api.w.org\/{rel}","templated":true}]}}