{"id":2755,"date":"2012-08-19T12:22:40","date_gmt":"2012-08-19T15:22:40","guid":{"rendered":"http:\/\/archivosonoro.com.ar\/?p=2755"},"modified":"2012-08-19T12:22:40","modified_gmt":"2012-08-19T15:22:40","slug":"los-precios-estan-inflados-no-hay-sueldo-que-te-alcance","status":"publish","type":"post","link":"https:\/\/archivosonoro.com.ar\/wordpress\/?p=2755","title":{"rendered":"\u00abLos precios est\u00e1n inflados, no hay sueldo que te alcance\u00bb"},"content":{"rendered":"<p>Delegados de distintas empresas industriales nucleados en la UOM, participaron en la ma\u00f1ana de FM Universidad para hablar del rechazo que plantean al proyecto del ejecutivo de reforma tarifaria. Paola Rey, Jos\u00e9 Seguel, Emiliano Moreira y Pablo Iba\u00f1ez recordaron que antes de la presentaci\u00f3n en la Legislatura de la tarifaria est\u00e1n trabajando en el an\u00e1lisis de la conformaci\u00f3n de los precios y realizaron una movilizaci\u00f3n por las calles de R\u00edo Grande.<br \/>\nTambi\u00e9n, respondieron sobre el discurso de algunos legisladores durante la sesi\u00f3n del pasado jueves y resaltaron no estar de acuerdo con los comerciantes: \u00abque la sociedad no vea que estamos con los comerciantes, totalmente opuesto. Vemos que los precios est\u00e1n inflados, que no hay sueldo que te alcance, estamos en un contexto econ\u00f3mico dif\u00edcil donde hay estancamiento\u00bb.<\/p>\n","protected":false},"excerpt":{"rendered":"<p>Delegados de distintas empresas industriales nucleados en la UOM, participaron en la ma\u00f1ana de FM Universidad para hablar del rechazo que plantean al proyecto del ejecutivo de reforma tarifaria. Paola Rey, Jos\u00e9 Seguel, Emiliano Moreira y Pablo Iba\u00f1ez recordaron que antes de la presentaci\u00f3n en la Legislatura de la tarifaria est\u00e1n trabajando en el an\u00e1lisis [&hellip;]<\/p>\n","protected":false},"author":7,"featured_media":0,"comment_status":"open","ping_status":"open","sticky":false,"template":"","format":"standard","meta":{"footnotes":""},"categories":[543],"tags":[801,396,799,800,457],"class_list":["post-2755","post","type-post","status-publish","format-standard","hentry","category-fm-universidad","tag-ibanez","tag-moreira","tag-rey","tag-seguel","tag-uom"],"_links":{"self":[{"href":"https:\/\/archivosonoro.com.ar\/wordpress\/index.php?rest_route=\/wp\/v2\/posts\/2755","targetHints":{"allow":["GET"]}}],"collection":[{"href":"https:\/\/archivosonoro.com.ar\/wordpress\/index.php?rest_route=\/wp\/v2\/posts"}],"about":[{"href":"https:\/\/archivosonoro.com.ar\/wordpress\/index.php?rest_route=\/wp\/v2\/types\/post"}],"author":[{"embeddable":true,"href":"https:\/\/archivosonoro.com.ar\/wordpress\/index.php?rest_route=\/wp\/v2\/users\/7"}],"replies":[{"embeddable":true,"href":"https:\/\/archivosonoro.com.ar\/wordpress\/index.php?rest_route=%2Fwp%2Fv2%2Fcomments&post=2755"}],"version-history":[{"count":1,"href":"https:\/\/archivosonoro.com.ar\/wordpress\/index.php?rest_route=\/wp\/v2\/posts\/2755\/revisions"}],"predecessor-version":[{"id":2756,"href":"https:\/\/archivosonoro.com.ar\/wordpress\/index.php?rest_route=\/wp\/v2\/posts\/2755\/revisions\/2756"}],"wp:attachment":[{"href":"https:\/\/archivosonoro.com.ar\/wordpress\/index.php?rest_route=%2Fwp%2Fv2%2Fmedia&parent=2755"}],"wp:term":[{"taxonomy":"category","embeddable":true,"href":"https:\/\/archivosonoro.com.ar\/wordpress\/index.php?rest_route=%2Fwp%2Fv2%2Fcategories&post=2755"},{"taxonomy":"post_tag","embeddable":true,"href":"https:\/\/archivosonoro.com.ar\/wordpress\/index.php?rest_route=%2Fwp%2Fv2%2Ftags&post=2755"}],"curies":[{"name":"wp","href":"https:\/\/api.w.org\/{rel}","templated":true}]}}