{"id":2753,"date":"2012-08-19T12:01:51","date_gmt":"2012-08-19T15:01:51","guid":{"rendered":"http:\/\/archivosonoro.com.ar\/?p=2753"},"modified":"2012-08-19T12:01:51","modified_gmt":"2012-08-19T15:01:51","slug":"medio-ambiente-hay-mucho-para-hacer-05","status":"publish","type":"post","link":"https:\/\/archivosonoro.com.ar\/wordpress\/?p=2753","title":{"rendered":"Medio ambiente: \u00abhay mucho para hacer\u00bb.05"},"content":{"rendered":"<p>Durante el \u00faltimo segmento de FM Universidad en el que se toc\u00f3 la problem\u00e1tica del medio ambiente, se sum\u00f3 el Director de Auditor\u00eda Ambiental de la Secretar\u00eda de Desarrollo Sustentable de la provincia, Juan Cejas quien expuso sobre las consecuencias del incendio del Parque Industrial de R\u00edo Grande y el plan de saneamiento encarado desde su \u00e1rea. Tambi\u00e9n, habl\u00f3 del escape de gases en la zona del Colegio Mar\u00eda Auxiliadora admitiendo el problema social que ha generado y el grado de peligrosidad que representa.<\/p>\n","protected":false},"excerpt":{"rendered":"<p>Durante el \u00faltimo segmento de FM Universidad en el que se toc\u00f3 la problem\u00e1tica del medio ambiente, se sum\u00f3 el Director de Auditor\u00eda Ambiental de la Secretar\u00eda de Desarrollo Sustentable de la provincia, Juan Cejas quien expuso sobre las consecuencias del incendio del Parque Industrial de R\u00edo Grande y el plan de saneamiento encarado desde [&hellip;]<\/p>\n","protected":false},"author":7,"featured_media":0,"comment_status":"open","ping_status":"open","sticky":false,"template":"","format":"standard","meta":{"footnotes":""},"categories":[543],"tags":[742,155,728],"class_list":["post-2753","post","type-post","status-publish","format-standard","hentry","category-fm-universidad","tag-cejas","tag-incendio","tag-parque-industrial"],"_links":{"self":[{"href":"https:\/\/archivosonoro.com.ar\/wordpress\/index.php?rest_route=\/wp\/v2\/posts\/2753","targetHints":{"allow":["GET"]}}],"collection":[{"href":"https:\/\/archivosonoro.com.ar\/wordpress\/index.php?rest_route=\/wp\/v2\/posts"}],"about":[{"href":"https:\/\/archivosonoro.com.ar\/wordpress\/index.php?rest_route=\/wp\/v2\/types\/post"}],"author":[{"embeddable":true,"href":"https:\/\/archivosonoro.com.ar\/wordpress\/index.php?rest_route=\/wp\/v2\/users\/7"}],"replies":[{"embeddable":true,"href":"https:\/\/archivosonoro.com.ar\/wordpress\/index.php?rest_route=%2Fwp%2Fv2%2Fcomments&post=2753"}],"version-history":[{"count":1,"href":"https:\/\/archivosonoro.com.ar\/wordpress\/index.php?rest_route=\/wp\/v2\/posts\/2753\/revisions"}],"predecessor-version":[{"id":2754,"href":"https:\/\/archivosonoro.com.ar\/wordpress\/index.php?rest_route=\/wp\/v2\/posts\/2753\/revisions\/2754"}],"wp:attachment":[{"href":"https:\/\/archivosonoro.com.ar\/wordpress\/index.php?rest_route=%2Fwp%2Fv2%2Fmedia&parent=2753"}],"wp:term":[{"taxonomy":"category","embeddable":true,"href":"https:\/\/archivosonoro.com.ar\/wordpress\/index.php?rest_route=%2Fwp%2Fv2%2Fcategories&post=2753"},{"taxonomy":"post_tag","embeddable":true,"href":"https:\/\/archivosonoro.com.ar\/wordpress\/index.php?rest_route=%2Fwp%2Fv2%2Ftags&post=2753"}],"curies":[{"name":"wp","href":"https:\/\/api.w.org\/{rel}","templated":true}]}}