{"id":2748,"date":"2012-08-18T12:21:57","date_gmt":"2012-08-18T15:21:57","guid":{"rendered":"http:\/\/archivosonoro.com.ar\/?p=2748"},"modified":"2012-12-03T10:18:09","modified_gmt":"2012-12-03T13:18:09","slug":"medio-ambiente-hay-mucho-para-hacer-03","status":"publish","type":"post","link":"https:\/\/archivosonoro.com.ar\/wordpress\/?p=2748","title":{"rendered":"Medio ambiente: \u00abhay mucho para hacer\u00bb.03"},"content":{"rendered":"<p>Iniciando el tercer bloque de \u00abDos Preguntan\u00bb, el Ingeniero Forestal Guillermo Fassi explic\u00f3 que la tem\u00e1tica ambiental cruza transversalmente a otras \u00e1reas como trabajo, seguridad, salud, preservaci\u00f3n y conservaci\u00f3n de recursos naturales y procesos industriales. En este sentido, el Director de Ecolog\u00eda y Medio Ambiente de la Municipalidad de R\u00edo Grande habl\u00f3 de la importancia de la aprobaci\u00f3n del C\u00f3digo Ambiental de la ciudad se\u00f1alando que el desaf\u00edo, hoy, es su reglamentaci\u00f3n.<\/p>\n","protected":false},"excerpt":{"rendered":"<p>Iniciando el tercer bloque de \u00abDos Preguntan\u00bb, el Ingeniero Forestal Guillermo Fassi explic\u00f3 que la tem\u00e1tica ambiental cruza transversalmente a otras \u00e1reas como trabajo, seguridad, salud, preservaci\u00f3n y conservaci\u00f3n de recursos naturales y procesos industriales. En este sentido, el Director de Ecolog\u00eda y Medio Ambiente de la Municipalidad de R\u00edo Grande habl\u00f3 de la importancia [&hellip;]<\/p>\n","protected":false},"author":7,"featured_media":0,"comment_status":"open","ping_status":"open","sticky":false,"template":"","format":"standard","meta":{"footnotes":""},"categories":[543],"tags":[807],"class_list":["post-2748","post","type-post","status-publish","format-standard","hentry","category-fm-universidad","tag-fassi"],"_links":{"self":[{"href":"https:\/\/archivosonoro.com.ar\/wordpress\/index.php?rest_route=\/wp\/v2\/posts\/2748","targetHints":{"allow":["GET"]}}],"collection":[{"href":"https:\/\/archivosonoro.com.ar\/wordpress\/index.php?rest_route=\/wp\/v2\/posts"}],"about":[{"href":"https:\/\/archivosonoro.com.ar\/wordpress\/index.php?rest_route=\/wp\/v2\/types\/post"}],"author":[{"embeddable":true,"href":"https:\/\/archivosonoro.com.ar\/wordpress\/index.php?rest_route=\/wp\/v2\/users\/7"}],"replies":[{"embeddable":true,"href":"https:\/\/archivosonoro.com.ar\/wordpress\/index.php?rest_route=%2Fwp%2Fv2%2Fcomments&post=2748"}],"version-history":[{"count":2,"href":"https:\/\/archivosonoro.com.ar\/wordpress\/index.php?rest_route=\/wp\/v2\/posts\/2748\/revisions"}],"predecessor-version":[{"id":4224,"href":"https:\/\/archivosonoro.com.ar\/wordpress\/index.php?rest_route=\/wp\/v2\/posts\/2748\/revisions\/4224"}],"wp:attachment":[{"href":"https:\/\/archivosonoro.com.ar\/wordpress\/index.php?rest_route=%2Fwp%2Fv2%2Fmedia&parent=2748"}],"wp:term":[{"taxonomy":"category","embeddable":true,"href":"https:\/\/archivosonoro.com.ar\/wordpress\/index.php?rest_route=%2Fwp%2Fv2%2Fcategories&post=2748"},{"taxonomy":"post_tag","embeddable":true,"href":"https:\/\/archivosonoro.com.ar\/wordpress\/index.php?rest_route=%2Fwp%2Fv2%2Ftags&post=2748"}],"curies":[{"name":"wp","href":"https:\/\/api.w.org\/{rel}","templated":true}]}}