{"id":2739,"date":"2012-08-18T11:01:30","date_gmt":"2012-08-18T14:01:30","guid":{"rendered":"http:\/\/archivosonoro.com.ar\/?p=2739"},"modified":"2012-10-04T10:01:40","modified_gmt":"2012-10-04T13:01:40","slug":"fundacion-dar-programa-de-salud-bucal-materno-infanto-escolar","status":"publish","type":"post","link":"https:\/\/archivosonoro.com.ar\/wordpress\/?p=2739","title":{"rendered":"Fundaci\u00f3n Dar: programa de salud bucal materno, infanto escolar."},"content":{"rendered":"<p>Fernando Saldivia es odont\u00f3logo de la Fundaci\u00f3n Dar y lleva adelante en la ciudad de R\u00edo Grande un programa para atender la problem\u00e1tica materno infanto escolar con el fin de fortalecer la salud y no hacer asistencialismo de la enfermedad: \u00abno tratar la enfermedad sino educar a la persona, a los chicos a los padres para que sean multiplicadores de salud para que atiendan la salud y no la enfermedad\u00bb, explic\u00f3 en FM Ritual.<br \/>\nSaldivia resalt\u00f3 la importancia de la prevenci\u00f3n a trav\u00e9s de la higiene para evitar el desarrollo de enfermedades y habl\u00f3 de pr\u00e1cticas habituales que estimulan la aparici\u00f3n de caries como poner miel en los chupetes.<\/p>\n","protected":false},"excerpt":{"rendered":"<p>Fernando Saldivia es odont\u00f3logo de la Fundaci\u00f3n Dar y lleva adelante en la ciudad de R\u00edo Grande un programa para atender la problem\u00e1tica materno infanto escolar con el fin de fortalecer la salud y no hacer asistencialismo de la enfermedad: \u00abno tratar la enfermedad sino educar a la persona, a los chicos a los padres [&hellip;]<\/p>\n","protected":false},"author":7,"featured_media":0,"comment_status":"open","ping_status":"open","sticky":false,"template":"","format":"standard","meta":{"footnotes":""},"categories":[542],"tags":[795,786],"class_list":["post-2739","post","type-post","status-publish","format-standard","hentry","category-fm-ritual","tag-fundacion-dar","tag-saldivia"],"_links":{"self":[{"href":"https:\/\/archivosonoro.com.ar\/wordpress\/index.php?rest_route=\/wp\/v2\/posts\/2739","targetHints":{"allow":["GET"]}}],"collection":[{"href":"https:\/\/archivosonoro.com.ar\/wordpress\/index.php?rest_route=\/wp\/v2\/posts"}],"about":[{"href":"https:\/\/archivosonoro.com.ar\/wordpress\/index.php?rest_route=\/wp\/v2\/types\/post"}],"author":[{"embeddable":true,"href":"https:\/\/archivosonoro.com.ar\/wordpress\/index.php?rest_route=\/wp\/v2\/users\/7"}],"replies":[{"embeddable":true,"href":"https:\/\/archivosonoro.com.ar\/wordpress\/index.php?rest_route=%2Fwp%2Fv2%2Fcomments&post=2739"}],"version-history":[{"count":2,"href":"https:\/\/archivosonoro.com.ar\/wordpress\/index.php?rest_route=\/wp\/v2\/posts\/2739\/revisions"}],"predecessor-version":[{"id":3451,"href":"https:\/\/archivosonoro.com.ar\/wordpress\/index.php?rest_route=\/wp\/v2\/posts\/2739\/revisions\/3451"}],"wp:attachment":[{"href":"https:\/\/archivosonoro.com.ar\/wordpress\/index.php?rest_route=%2Fwp%2Fv2%2Fmedia&parent=2739"}],"wp:term":[{"taxonomy":"category","embeddable":true,"href":"https:\/\/archivosonoro.com.ar\/wordpress\/index.php?rest_route=%2Fwp%2Fv2%2Fcategories&post=2739"},{"taxonomy":"post_tag","embeddable":true,"href":"https:\/\/archivosonoro.com.ar\/wordpress\/index.php?rest_route=%2Fwp%2Fv2%2Ftags&post=2739"}],"curies":[{"name":"wp","href":"https:\/\/api.w.org\/{rel}","templated":true}]}}