{"id":2735,"date":"2012-08-17T12:03:14","date_gmt":"2012-08-17T15:03:14","guid":{"rendered":"http:\/\/archivosonoro.com.ar\/?p=2735"},"modified":"2012-08-17T12:03:14","modified_gmt":"2012-08-17T15:03:14","slug":"arcando-j-tengo-una-postura-tomada-respecto-a-la-tarifaria-y-no-la-voy-a-cambiar","status":"publish","type":"post","link":"https:\/\/archivosonoro.com.ar\/wordpress\/?p=2735","title":{"rendered":"Arcando J: \u00abtengo una postura tomada respecto a la tarifaria y no la voy a cambiar\u00bb."},"content":{"rendered":"<p>En FM Universidad, Juan Carlos Arcando sostuvo que no moviliz\u00f3 a nadie hacia la legislatura el d\u00eda de ayer y explic\u00f3 que a pesar de las declaraciones que dec\u00edan que la tarifaria no se iba a tratar, \u00abla gente no cre\u00eda\u00bb.<br \/>\nDijo adem\u00e1s que no se va a hacer eco de las denunciass del dirigente de la UOM Oscar Mart\u00ednez y asegur\u00f3: \u00abtengo una postura tomada respecto a la tarifaria y no la voy a cambiar\u00bb.<\/p>\n","protected":false},"excerpt":{"rendered":"<p>En FM Universidad, Juan Carlos Arcando sostuvo que no moviliz\u00f3 a nadie hacia la legislatura el d\u00eda de ayer y explic\u00f3 que a pesar de las declaraciones que dec\u00edan que la tarifaria no se iba a tratar, \u00abla gente no cre\u00eda\u00bb. Dijo adem\u00e1s que no se va a hacer eco de las denunciass del dirigente [&hellip;]<\/p>\n","protected":false},"author":7,"featured_media":0,"comment_status":"open","ping_status":"open","sticky":false,"template":"","format":"standard","meta":{"footnotes":""},"categories":[543],"tags":[67],"class_list":["post-2735","post","type-post","status-publish","format-standard","hentry","category-fm-universidad","tag-arcando"],"_links":{"self":[{"href":"https:\/\/archivosonoro.com.ar\/wordpress\/index.php?rest_route=\/wp\/v2\/posts\/2735","targetHints":{"allow":["GET"]}}],"collection":[{"href":"https:\/\/archivosonoro.com.ar\/wordpress\/index.php?rest_route=\/wp\/v2\/posts"}],"about":[{"href":"https:\/\/archivosonoro.com.ar\/wordpress\/index.php?rest_route=\/wp\/v2\/types\/post"}],"author":[{"embeddable":true,"href":"https:\/\/archivosonoro.com.ar\/wordpress\/index.php?rest_route=\/wp\/v2\/users\/7"}],"replies":[{"embeddable":true,"href":"https:\/\/archivosonoro.com.ar\/wordpress\/index.php?rest_route=%2Fwp%2Fv2%2Fcomments&post=2735"}],"version-history":[{"count":1,"href":"https:\/\/archivosonoro.com.ar\/wordpress\/index.php?rest_route=\/wp\/v2\/posts\/2735\/revisions"}],"predecessor-version":[{"id":2736,"href":"https:\/\/archivosonoro.com.ar\/wordpress\/index.php?rest_route=\/wp\/v2\/posts\/2735\/revisions\/2736"}],"wp:attachment":[{"href":"https:\/\/archivosonoro.com.ar\/wordpress\/index.php?rest_route=%2Fwp%2Fv2%2Fmedia&parent=2735"}],"wp:term":[{"taxonomy":"category","embeddable":true,"href":"https:\/\/archivosonoro.com.ar\/wordpress\/index.php?rest_route=%2Fwp%2Fv2%2Fcategories&post=2735"},{"taxonomy":"post_tag","embeddable":true,"href":"https:\/\/archivosonoro.com.ar\/wordpress\/index.php?rest_route=%2Fwp%2Fv2%2Ftags&post=2735"}],"curies":[{"name":"wp","href":"https:\/\/api.w.org\/{rel}","templated":true}]}}