{"id":2733,"date":"2012-08-17T11:56:21","date_gmt":"2012-08-17T14:56:21","guid":{"rendered":"http:\/\/archivosonoro.com.ar\/?p=2733"},"modified":"2012-08-17T11:56:21","modified_gmt":"2012-08-17T14:56:21","slug":"guzman-d-denuncio-a-diaz-ramos-por-agresiones","status":"publish","type":"post","link":"https:\/\/archivosonoro.com.ar\/wordpress\/?p=2733","title":{"rendered":"Guzm\u00e1n D: Denunci\u00f3 a D\u00edaz Ramos por agresiones."},"content":{"rendered":"<p>El Periodista Daniel Guzm\u00e1n denunci\u00f3 p\u00fablicamente haber recibido agresiones del Presidente de la DPOSS, Emilio D\u00edaz Ramos en la redacci\u00f3n del diario en el que trabaja. Guzm\u00e1n explic\u00f3 en FM Universidad como se desarrollaron los hechos tras la publicaci\u00f3n del martes dando cuentas de la manera en que hab\u00edan trabajado un grupo de operarios de la DPOSS.<\/p>\n","protected":false},"excerpt":{"rendered":"<p>El Periodista Daniel Guzm\u00e1n denunci\u00f3 p\u00fablicamente haber recibido agresiones del Presidente de la DPOSS, Emilio D\u00edaz Ramos en la redacci\u00f3n del diario en el que trabaja. Guzm\u00e1n explic\u00f3 en FM Universidad como se desarrollaron los hechos tras la publicaci\u00f3n del martes dando cuentas de la manera en que hab\u00edan trabajado un grupo de operarios de [&hellip;]<\/p>\n","protected":false},"author":7,"featured_media":0,"comment_status":"open","ping_status":"open","sticky":false,"template":"","format":"standard","meta":{"footnotes":""},"categories":[543],"tags":[112,19,793],"class_list":["post-2733","post","type-post","status-publish","format-standard","hentry","category-fm-universidad","tag-diaz-ramos","tag-dposs","tag-guzman"],"_links":{"self":[{"href":"https:\/\/archivosonoro.com.ar\/wordpress\/index.php?rest_route=\/wp\/v2\/posts\/2733","targetHints":{"allow":["GET"]}}],"collection":[{"href":"https:\/\/archivosonoro.com.ar\/wordpress\/index.php?rest_route=\/wp\/v2\/posts"}],"about":[{"href":"https:\/\/archivosonoro.com.ar\/wordpress\/index.php?rest_route=\/wp\/v2\/types\/post"}],"author":[{"embeddable":true,"href":"https:\/\/archivosonoro.com.ar\/wordpress\/index.php?rest_route=\/wp\/v2\/users\/7"}],"replies":[{"embeddable":true,"href":"https:\/\/archivosonoro.com.ar\/wordpress\/index.php?rest_route=%2Fwp%2Fv2%2Fcomments&post=2733"}],"version-history":[{"count":1,"href":"https:\/\/archivosonoro.com.ar\/wordpress\/index.php?rest_route=\/wp\/v2\/posts\/2733\/revisions"}],"predecessor-version":[{"id":2734,"href":"https:\/\/archivosonoro.com.ar\/wordpress\/index.php?rest_route=\/wp\/v2\/posts\/2733\/revisions\/2734"}],"wp:attachment":[{"href":"https:\/\/archivosonoro.com.ar\/wordpress\/index.php?rest_route=%2Fwp%2Fv2%2Fmedia&parent=2733"}],"wp:term":[{"taxonomy":"category","embeddable":true,"href":"https:\/\/archivosonoro.com.ar\/wordpress\/index.php?rest_route=%2Fwp%2Fv2%2Fcategories&post=2733"},{"taxonomy":"post_tag","embeddable":true,"href":"https:\/\/archivosonoro.com.ar\/wordpress\/index.php?rest_route=%2Fwp%2Fv2%2Ftags&post=2733"}],"curies":[{"name":"wp","href":"https:\/\/api.w.org\/{rel}","templated":true}]}}