{"id":2656,"date":"2012-08-13T12:09:06","date_gmt":"2012-08-13T15:09:06","guid":{"rendered":"http:\/\/archivosonoro.com.ar\/?p=2656"},"modified":"2012-08-13T12:09:06","modified_gmt":"2012-08-13T15:09:06","slug":"barrientos-e-no-acompanara-al-radicalismo-en-el-rechazo-al-decreto-n-1277","status":"publish","type":"post","link":"https:\/\/archivosonoro.com.ar\/wordpress\/?p=2656","title":{"rendered":"Barrientos E: No acompa\u00f1ara al radicalismo en el rechazo al decreto N\u00b0 1277."},"content":{"rendered":"<p>El Legislador Eduardo Barrientos fij\u00f3 postura respecto al Decreto N\u00b01277 resaltando que junto a la Ley Nacional de recuperaci\u00f3n de YPF \u00abpone a todas las provincias en el marco de una pol\u00edtica nacional de soberan\u00eda hidrocarbur\u00edfera\u00bb y adelant\u00f3 en FM Ritual, que no acompa\u00f1ar\u00e1 el proyecto radical que lo rechaza porque \u00abser\u00eda ir en contra de lo que est\u00e1 haciendo el gobierno nacional para recuperar lo que nunca debimos haber perdido\u00bb.<\/p>\n","protected":false},"excerpt":{"rendered":"<p>El Legislador Eduardo Barrientos fij\u00f3 postura respecto al Decreto N\u00b01277 resaltando que junto a la Ley Nacional de recuperaci\u00f3n de YPF \u00abpone a todas las provincias en el marco de una pol\u00edtica nacional de soberan\u00eda hidrocarbur\u00edfera\u00bb y adelant\u00f3 en FM Ritual, que no acompa\u00f1ar\u00e1 el proyecto radical que lo rechaza porque \u00abser\u00eda ir en contra [&hellip;]<\/p>\n","protected":false},"author":7,"featured_media":0,"comment_status":"open","ping_status":"open","sticky":false,"template":"","format":"standard","meta":{"footnotes":""},"categories":[542],"tags":[69,788,225],"class_list":["post-2656","post","type-post","status-publish","format-standard","hentry","category-fm-ritual","tag-barrientos","tag-decreto-n-1277","tag-ypf"],"_links":{"self":[{"href":"https:\/\/archivosonoro.com.ar\/wordpress\/index.php?rest_route=\/wp\/v2\/posts\/2656","targetHints":{"allow":["GET"]}}],"collection":[{"href":"https:\/\/archivosonoro.com.ar\/wordpress\/index.php?rest_route=\/wp\/v2\/posts"}],"about":[{"href":"https:\/\/archivosonoro.com.ar\/wordpress\/index.php?rest_route=\/wp\/v2\/types\/post"}],"author":[{"embeddable":true,"href":"https:\/\/archivosonoro.com.ar\/wordpress\/index.php?rest_route=\/wp\/v2\/users\/7"}],"replies":[{"embeddable":true,"href":"https:\/\/archivosonoro.com.ar\/wordpress\/index.php?rest_route=%2Fwp%2Fv2%2Fcomments&post=2656"}],"version-history":[{"count":1,"href":"https:\/\/archivosonoro.com.ar\/wordpress\/index.php?rest_route=\/wp\/v2\/posts\/2656\/revisions"}],"predecessor-version":[{"id":2657,"href":"https:\/\/archivosonoro.com.ar\/wordpress\/index.php?rest_route=\/wp\/v2\/posts\/2656\/revisions\/2657"}],"wp:attachment":[{"href":"https:\/\/archivosonoro.com.ar\/wordpress\/index.php?rest_route=%2Fwp%2Fv2%2Fmedia&parent=2656"}],"wp:term":[{"taxonomy":"category","embeddable":true,"href":"https:\/\/archivosonoro.com.ar\/wordpress\/index.php?rest_route=%2Fwp%2Fv2%2Fcategories&post=2656"},{"taxonomy":"post_tag","embeddable":true,"href":"https:\/\/archivosonoro.com.ar\/wordpress\/index.php?rest_route=%2Fwp%2Fv2%2Ftags&post=2656"}],"curies":[{"name":"wp","href":"https:\/\/api.w.org\/{rel}","templated":true}]}}