{"id":2650,"date":"2012-08-13T10:55:59","date_gmt":"2012-08-13T13:55:59","guid":{"rendered":"http:\/\/archivosonoro.com.ar\/?p=2650"},"modified":"2012-08-13T10:55:59","modified_gmt":"2012-08-13T13:55:59","slug":"molina-s-reunion-con-padres-del-colegio-laureano-maradona","status":"publish","type":"post","link":"https:\/\/archivosonoro.com.ar\/wordpress\/?p=2650","title":{"rendered":"Molina S: reuni\u00f3n con padres del Colegio Laureano Maradona."},"content":{"rendered":"<p>La Ministra de Educaci\u00f3n Sandra Molina se reuni\u00f3 con los padres del Colegio Laureano Maradona de la ciudad de R\u00edo Grande por los inconvenientes ocasionados tras la desratizaci\u00f3n. En FM Universidad se transmiti\u00f3 parte de las explicaciones de la funcionaria quien confirm\u00f3 que hoy se encuentran suspendidas las clases debido a la decisi\u00f3n ministerial de profundizar la limpieza mediante una empresa privada que certifique la limpieza del establecimiento.<\/p>\n","protected":false},"excerpt":{"rendered":"<p>La Ministra de Educaci\u00f3n Sandra Molina se reuni\u00f3 con los padres del Colegio Laureano Maradona de la ciudad de R\u00edo Grande por los inconvenientes ocasionados tras la desratizaci\u00f3n. En FM Universidad se transmiti\u00f3 parte de las explicaciones de la funcionaria quien confirm\u00f3 que hoy se encuentran suspendidas las clases debido a la decisi\u00f3n ministerial de [&hellip;]<\/p>\n","protected":false},"author":7,"featured_media":0,"comment_status":"open","ping_status":"open","sticky":false,"template":"","format":"standard","meta":{"footnotes":""},"categories":[543],"tags":[770,254],"class_list":["post-2650","post","type-post","status-publish","format-standard","hentry","category-fm-universidad","tag-colegio-maradona","tag-molina"],"_links":{"self":[{"href":"https:\/\/archivosonoro.com.ar\/wordpress\/index.php?rest_route=\/wp\/v2\/posts\/2650","targetHints":{"allow":["GET"]}}],"collection":[{"href":"https:\/\/archivosonoro.com.ar\/wordpress\/index.php?rest_route=\/wp\/v2\/posts"}],"about":[{"href":"https:\/\/archivosonoro.com.ar\/wordpress\/index.php?rest_route=\/wp\/v2\/types\/post"}],"author":[{"embeddable":true,"href":"https:\/\/archivosonoro.com.ar\/wordpress\/index.php?rest_route=\/wp\/v2\/users\/7"}],"replies":[{"embeddable":true,"href":"https:\/\/archivosonoro.com.ar\/wordpress\/index.php?rest_route=%2Fwp%2Fv2%2Fcomments&post=2650"}],"version-history":[{"count":1,"href":"https:\/\/archivosonoro.com.ar\/wordpress\/index.php?rest_route=\/wp\/v2\/posts\/2650\/revisions"}],"predecessor-version":[{"id":2651,"href":"https:\/\/archivosonoro.com.ar\/wordpress\/index.php?rest_route=\/wp\/v2\/posts\/2650\/revisions\/2651"}],"wp:attachment":[{"href":"https:\/\/archivosonoro.com.ar\/wordpress\/index.php?rest_route=%2Fwp%2Fv2%2Fmedia&parent=2650"}],"wp:term":[{"taxonomy":"category","embeddable":true,"href":"https:\/\/archivosonoro.com.ar\/wordpress\/index.php?rest_route=%2Fwp%2Fv2%2Fcategories&post=2650"},{"taxonomy":"post_tag","embeddable":true,"href":"https:\/\/archivosonoro.com.ar\/wordpress\/index.php?rest_route=%2Fwp%2Fv2%2Ftags&post=2650"}],"curies":[{"name":"wp","href":"https:\/\/api.w.org\/{rel}","templated":true}]}}