{"id":2648,"date":"2012-08-13T10:44:57","date_gmt":"2012-08-13T13:44:57","guid":{"rendered":"http:\/\/archivosonoro.com.ar\/?p=2648"},"modified":"2012-08-13T10:44:57","modified_gmt":"2012-08-13T13:44:57","slug":"saldivia-j-no-disminuira-la-tarifa-de-luz","status":"publish","type":"post","link":"https:\/\/archivosonoro.com.ar\/wordpress\/?p=2648","title":{"rendered":"Saldivia J: No disminuir\u00e1 la tarifa de luz."},"content":{"rendered":"<p>Juan Carlos Saldivia confirm\u00f3 que tras la decisi\u00f3n de la gobernadora de abastecer a la DPE y la Cooperativa El\u00e9ctrica de R\u00edo Grande con gas de regal\u00edas no disminuir\u00e1n las tarifas. El ahorro que significa unos 9 millones de pesos anuales ser\u00e1 destinado al pago del REPAS y a la deuda con el IPAUSS, inform\u00f3 el funcionario en FM del Sur y se\u00f1al\u00f3 que la medida debe ser ratificada por la Legislatura de la provincia.<\/p>\n","protected":false},"excerpt":{"rendered":"<p>Juan Carlos Saldivia confirm\u00f3 que tras la decisi\u00f3n de la gobernadora de abastecer a la DPE y la Cooperativa El\u00e9ctrica de R\u00edo Grande con gas de regal\u00edas no disminuir\u00e1n las tarifas. El ahorro que significa unos 9 millones de pesos anuales ser\u00e1 destinado al pago del REPAS y a la deuda con el IPAUSS, inform\u00f3 [&hellip;]<\/p>\n","protected":false},"author":7,"featured_media":0,"comment_status":"open","ping_status":"open","sticky":false,"template":"","format":"standard","meta":{"footnotes":""},"categories":[17],"tags":[182,786],"class_list":["post-2648","post","type-post","status-publish","format-standard","hentry","category-fm-del-sur","tag-dpe","tag-saldivia"],"_links":{"self":[{"href":"https:\/\/archivosonoro.com.ar\/wordpress\/index.php?rest_route=\/wp\/v2\/posts\/2648","targetHints":{"allow":["GET"]}}],"collection":[{"href":"https:\/\/archivosonoro.com.ar\/wordpress\/index.php?rest_route=\/wp\/v2\/posts"}],"about":[{"href":"https:\/\/archivosonoro.com.ar\/wordpress\/index.php?rest_route=\/wp\/v2\/types\/post"}],"author":[{"embeddable":true,"href":"https:\/\/archivosonoro.com.ar\/wordpress\/index.php?rest_route=\/wp\/v2\/users\/7"}],"replies":[{"embeddable":true,"href":"https:\/\/archivosonoro.com.ar\/wordpress\/index.php?rest_route=%2Fwp%2Fv2%2Fcomments&post=2648"}],"version-history":[{"count":1,"href":"https:\/\/archivosonoro.com.ar\/wordpress\/index.php?rest_route=\/wp\/v2\/posts\/2648\/revisions"}],"predecessor-version":[{"id":2649,"href":"https:\/\/archivosonoro.com.ar\/wordpress\/index.php?rest_route=\/wp\/v2\/posts\/2648\/revisions\/2649"}],"wp:attachment":[{"href":"https:\/\/archivosonoro.com.ar\/wordpress\/index.php?rest_route=%2Fwp%2Fv2%2Fmedia&parent=2648"}],"wp:term":[{"taxonomy":"category","embeddable":true,"href":"https:\/\/archivosonoro.com.ar\/wordpress\/index.php?rest_route=%2Fwp%2Fv2%2Fcategories&post=2648"},{"taxonomy":"post_tag","embeddable":true,"href":"https:\/\/archivosonoro.com.ar\/wordpress\/index.php?rest_route=%2Fwp%2Fv2%2Ftags&post=2648"}],"curies":[{"name":"wp","href":"https:\/\/api.w.org\/{rel}","templated":true}]}}