{"id":2646,"date":"2012-08-12T15:04:45","date_gmt":"2012-08-12T18:04:45","guid":{"rendered":"http:\/\/archivosonoro.com.ar\/?p=2646"},"modified":"2012-08-12T15:04:45","modified_gmt":"2012-08-12T18:04:45","slug":"gimenez-f-debemos-investigar-desde-el-primero-que-le-puso-una-mano-encima-hasta-el-ultimo-que-lo-picaneo","status":"publish","type":"post","link":"https:\/\/archivosonoro.com.ar\/wordpress\/?p=2646","title":{"rendered":"Gimenez F: \u00abDebemos investigar desde el primero que le puso una mano encima hasta el \u00faltimo que lo picane\u00f3\u00bb."},"content":{"rendered":"<p>El abogado defensor del joven Torres, torturado con paso de corriente el\u00e9ctrica por efectivos de la Comisar\u00eda 3ra de R\u00edo Grande, estuvo en los estudios de FM del sol y opin\u00f3 sobre la detenci\u00f3n de 4 involucrados: \u00abllegada esta altura del a\u00f1o, creo que podemos avanzar en determinar quienes fueron quienes les aplicaron las torturas por paso de corriente el\u00e9ctrica y queda por ver que pas\u00f3 en la Comisar\u00eda 3ra que hasta ahora no hay ning\u00fan imputado, porque la picana se la aplicaron fuera del hospital, queda investigar ahora la golpiza salvaje que les aplicaron en la Comisar\u00eda 3ra\u00bb.<br \/>\nFrancisco Gimenez resalt\u00f3: \u00abac\u00e1 debemos investigar desde el primero que le puso una mano encima a estos j\u00f3venes hasta el \u00faltimo que lo termin\u00f3 picaneando\u00bb y asegur\u00f3 que la picana se aplic\u00f3 \u00aben los pasillos de afuera frente a la guardia, en los patios del hospital, mientras esperaban ser atendidos\u00bb.<br \/>\nEl letrado se\u00f1al\u00f3 que esto tiene que servir para que se revise la formaci\u00f3n de cadetes y la forma de conducir las comisar\u00edas y le tiene que servir al poder pol\u00edtico para conducir la fuerza policial. <\/p>\n","protected":false},"excerpt":{"rendered":"<p>El abogado defensor del joven Torres, torturado con paso de corriente el\u00e9ctrica por efectivos de la Comisar\u00eda 3ra de R\u00edo Grande, estuvo en los estudios de FM del sol y opin\u00f3 sobre la detenci\u00f3n de 4 involucrados: \u00abllegada esta altura del a\u00f1o, creo que podemos avanzar en determinar quienes fueron quienes les aplicaron las torturas [&hellip;]<\/p>\n","protected":false},"author":7,"featured_media":0,"comment_status":"open","ping_status":"open","sticky":false,"template":"","format":"standard","meta":{"footnotes":""},"categories":[14],"tags":[335,104],"class_list":["post-2646","post","type-post","status-publish","format-standard","hentry","category-fm-del-sol","tag-gimenez","tag-torres"],"_links":{"self":[{"href":"https:\/\/archivosonoro.com.ar\/wordpress\/index.php?rest_route=\/wp\/v2\/posts\/2646","targetHints":{"allow":["GET"]}}],"collection":[{"href":"https:\/\/archivosonoro.com.ar\/wordpress\/index.php?rest_route=\/wp\/v2\/posts"}],"about":[{"href":"https:\/\/archivosonoro.com.ar\/wordpress\/index.php?rest_route=\/wp\/v2\/types\/post"}],"author":[{"embeddable":true,"href":"https:\/\/archivosonoro.com.ar\/wordpress\/index.php?rest_route=\/wp\/v2\/users\/7"}],"replies":[{"embeddable":true,"href":"https:\/\/archivosonoro.com.ar\/wordpress\/index.php?rest_route=%2Fwp%2Fv2%2Fcomments&post=2646"}],"version-history":[{"count":1,"href":"https:\/\/archivosonoro.com.ar\/wordpress\/index.php?rest_route=\/wp\/v2\/posts\/2646\/revisions"}],"predecessor-version":[{"id":2647,"href":"https:\/\/archivosonoro.com.ar\/wordpress\/index.php?rest_route=\/wp\/v2\/posts\/2646\/revisions\/2647"}],"wp:attachment":[{"href":"https:\/\/archivosonoro.com.ar\/wordpress\/index.php?rest_route=%2Fwp%2Fv2%2Fmedia&parent=2646"}],"wp:term":[{"taxonomy":"category","embeddable":true,"href":"https:\/\/archivosonoro.com.ar\/wordpress\/index.php?rest_route=%2Fwp%2Fv2%2Fcategories&post=2646"},{"taxonomy":"post_tag","embeddable":true,"href":"https:\/\/archivosonoro.com.ar\/wordpress\/index.php?rest_route=%2Fwp%2Fv2%2Ftags&post=2646"}],"curies":[{"name":"wp","href":"https:\/\/api.w.org\/{rel}","templated":true}]}}