{"id":2644,"date":"2012-08-12T14:36:25","date_gmt":"2012-08-12T17:36:25","guid":{"rendered":"http:\/\/archivosonoro.com.ar\/?p=2644"},"modified":"2012-08-12T14:36:25","modified_gmt":"2012-08-12T17:36:25","slug":"debate-sobre-la-situacion-del-ipauss-05","status":"publish","type":"post","link":"https:\/\/archivosonoro.com.ar\/wordpress\/?p=2644","title":{"rendered":"Debate sobre la situaci\u00f3n del IPAUSS 05."},"content":{"rendered":"<p>Las conclusiones de cada uno de los invitados a \u00abDos Preguntan\u00bb llegaron en el quinto bloque de programa y el representante de la CTA, Diego Delgado, cuestion\u00f3 la Comisi\u00f3n Legislativa de Seguimiento y An\u00e1lisis del IPAUSS y la participaci\u00f3n de Pablo Blanco en la misma \u00abno vemos que est\u00e9 marcando un rumbo de salida al gobierno y mucho menos d\u00e1ndole apertura a las organizaciones para que lleven sus iniciativas al debate\u00bb, asegur\u00f3.<\/p>\n","protected":false},"excerpt":{"rendered":"<p>Las conclusiones de cada uno de los invitados a \u00abDos Preguntan\u00bb llegaron en el quinto bloque de programa y el representante de la CTA, Diego Delgado, cuestion\u00f3 la Comisi\u00f3n Legislativa de Seguimiento y An\u00e1lisis del IPAUSS y la participaci\u00f3n de Pablo Blanco en la misma \u00abno vemos que est\u00e9 marcando un rumbo de salida al [&hellip;]<\/p>\n","protected":false},"author":7,"featured_media":0,"comment_status":"open","ping_status":"open","sticky":false,"template":"","format":"standard","meta":{"footnotes":""},"categories":[543],"tags":[68,785,5],"class_list":["post-2644","post","type-post","status-publish","format-standard","hentry","category-fm-universidad","tag-blanco","tag-delgado","tag-ipauss"],"_links":{"self":[{"href":"https:\/\/archivosonoro.com.ar\/wordpress\/index.php?rest_route=\/wp\/v2\/posts\/2644","targetHints":{"allow":["GET"]}}],"collection":[{"href":"https:\/\/archivosonoro.com.ar\/wordpress\/index.php?rest_route=\/wp\/v2\/posts"}],"about":[{"href":"https:\/\/archivosonoro.com.ar\/wordpress\/index.php?rest_route=\/wp\/v2\/types\/post"}],"author":[{"embeddable":true,"href":"https:\/\/archivosonoro.com.ar\/wordpress\/index.php?rest_route=\/wp\/v2\/users\/7"}],"replies":[{"embeddable":true,"href":"https:\/\/archivosonoro.com.ar\/wordpress\/index.php?rest_route=%2Fwp%2Fv2%2Fcomments&post=2644"}],"version-history":[{"count":1,"href":"https:\/\/archivosonoro.com.ar\/wordpress\/index.php?rest_route=\/wp\/v2\/posts\/2644\/revisions"}],"predecessor-version":[{"id":2645,"href":"https:\/\/archivosonoro.com.ar\/wordpress\/index.php?rest_route=\/wp\/v2\/posts\/2644\/revisions\/2645"}],"wp:attachment":[{"href":"https:\/\/archivosonoro.com.ar\/wordpress\/index.php?rest_route=%2Fwp%2Fv2%2Fmedia&parent=2644"}],"wp:term":[{"taxonomy":"category","embeddable":true,"href":"https:\/\/archivosonoro.com.ar\/wordpress\/index.php?rest_route=%2Fwp%2Fv2%2Fcategories&post=2644"},{"taxonomy":"post_tag","embeddable":true,"href":"https:\/\/archivosonoro.com.ar\/wordpress\/index.php?rest_route=%2Fwp%2Fv2%2Ftags&post=2644"}],"curies":[{"name":"wp","href":"https:\/\/api.w.org\/{rel}","templated":true}]}}