{"id":2637,"date":"2012-08-11T12:20:34","date_gmt":"2012-08-11T15:20:34","guid":{"rendered":"http:\/\/archivosonoro.com.ar\/?p=2637"},"modified":"2012-08-11T12:20:34","modified_gmt":"2012-08-11T15:20:34","slug":"debate-sobre-la-situacion-del-ipauss-02","status":"publish","type":"post","link":"https:\/\/archivosonoro.com.ar\/wordpress\/?p=2637","title":{"rendered":"Debate sobre la situaci\u00f3n del IPAUSS 02."},"content":{"rendered":"<p>En el segundo bloque de \u00abDos preguntan\u00bb se incorpor\u00f3 Carlos Almir\u00f3n, representante de ATE. El Dr. Oscar Ruiz abri\u00f3 la exposici\u00f3n de los participantes respondiendo sobre la propuesta del ejecutivo para el pago de la deuda y recordando como se gener\u00f3 la deuda que se reclama en la actualidad. Explic\u00f3 que en la sentencia judicial, la jueza Rapossi \u00abnos sentenci\u00f3 a negociar a las dos partes\u00bb.<br \/>\nLuego, Ana Mar\u00eda Quiroga fij\u00f3 la postura del sector pasivo y dijo que respetar\u00e1n el plazo acordado hasta el 22 para recibir propuestas alternativas.<br \/>\nMiguel Juarez sostuvo que la presentaci\u00f3n del gobierno busca dilatar la situaci\u00f3n y finalizando el bloque, Diego Delgado de la CTA se incorpora a la mesa de discusi\u00f3n y es marc\u00f3 la opini\u00f3n del sector sindical.<\/p>\n","protected":false},"excerpt":{"rendered":"<p>En el segundo bloque de \u00abDos preguntan\u00bb se incorpor\u00f3 Carlos Almir\u00f3n, representante de ATE. El Dr. Oscar Ruiz abri\u00f3 la exposici\u00f3n de los participantes respondiendo sobre la propuesta del ejecutivo para el pago de la deuda y recordando como se gener\u00f3 la deuda que se reclama en la actualidad. Explic\u00f3 que en la sentencia judicial, [&hellip;]<\/p>\n","protected":false},"author":7,"featured_media":0,"comment_status":"open","ping_status":"open","sticky":false,"template":"","format":"standard","meta":{"footnotes":""},"categories":[543],"tags":[5,7,783,239],"class_list":["post-2637","post","type-post","status-publish","format-standard","hentry","category-fm-universidad","tag-ipauss","tag-juarez","tag-quiroga","tag-ruiz"],"_links":{"self":[{"href":"https:\/\/archivosonoro.com.ar\/wordpress\/index.php?rest_route=\/wp\/v2\/posts\/2637","targetHints":{"allow":["GET"]}}],"collection":[{"href":"https:\/\/archivosonoro.com.ar\/wordpress\/index.php?rest_route=\/wp\/v2\/posts"}],"about":[{"href":"https:\/\/archivosonoro.com.ar\/wordpress\/index.php?rest_route=\/wp\/v2\/types\/post"}],"author":[{"embeddable":true,"href":"https:\/\/archivosonoro.com.ar\/wordpress\/index.php?rest_route=\/wp\/v2\/users\/7"}],"replies":[{"embeddable":true,"href":"https:\/\/archivosonoro.com.ar\/wordpress\/index.php?rest_route=%2Fwp%2Fv2%2Fcomments&post=2637"}],"version-history":[{"count":1,"href":"https:\/\/archivosonoro.com.ar\/wordpress\/index.php?rest_route=\/wp\/v2\/posts\/2637\/revisions"}],"predecessor-version":[{"id":2638,"href":"https:\/\/archivosonoro.com.ar\/wordpress\/index.php?rest_route=\/wp\/v2\/posts\/2637\/revisions\/2638"}],"wp:attachment":[{"href":"https:\/\/archivosonoro.com.ar\/wordpress\/index.php?rest_route=%2Fwp%2Fv2%2Fmedia&parent=2637"}],"wp:term":[{"taxonomy":"category","embeddable":true,"href":"https:\/\/archivosonoro.com.ar\/wordpress\/index.php?rest_route=%2Fwp%2Fv2%2Fcategories&post=2637"},{"taxonomy":"post_tag","embeddable":true,"href":"https:\/\/archivosonoro.com.ar\/wordpress\/index.php?rest_route=%2Fwp%2Fv2%2Ftags&post=2637"}],"curies":[{"name":"wp","href":"https:\/\/api.w.org\/{rel}","templated":true}]}}