{"id":2624,"date":"2012-08-09T11:48:22","date_gmt":"2012-08-09T14:48:22","guid":{"rendered":"http:\/\/archivosonoro.com.ar\/?p=2624"},"modified":"2012-08-09T11:48:22","modified_gmt":"2012-08-09T14:48:22","slug":"cano-h-desbordan-las-cloacas-de-san-vicente-la-oca-y-barrio-albatros","status":"publish","type":"post","link":"https:\/\/archivosonoro.com.ar\/wordpress\/?p=2624","title":{"rendered":"Cano H: Desbordan las cloacas de San Vicente, La Oca y Barrio Albatros."},"content":{"rendered":"<p>La zona del Barrio Albatros, San Vicente, La Oca, padece el desborde de las cloacas. El titular de Servicios P\u00fablicos de la Municipalidad de Ushuaia explic\u00f3 en Radio Provincia la tarea que se realiza y dijo que \u00abcuando se repaviment\u00f3 la Ruta 3 en algunos sectores Vialidad encauz\u00f3 bien las alcantarillas, cosa que en algunos lugares era muy provisorio y ahora se ha canalizado la mayor cantidad de agua a trav\u00e9s de un chorrillo y esto ha solucionado parte del problema de H\u00e9roes de Malvinas para arriba pero ha complicado la parte de abajo\u00bb. Hugo Cano recalc\u00f3 que la cantidad de nieve ca\u00edda este a\u00f1o y las altas temperaturas, causan el inconveniente de la zona.<br \/>\nFinalmente, se excus\u00f3 de opinar sobre el dictamen de la comisi\u00f3n que investig\u00f3 el Ushuaia Recicla por no haberlo le\u00eddo a\u00fan y acus\u00f3 al \u00abConcejal de la Dra. Fadul\u00bb de haber cobrado dinero que no le correspond\u00eda.<\/p>\n","protected":false},"excerpt":{"rendered":"<p>La zona del Barrio Albatros, San Vicente, La Oca, padece el desborde de las cloacas. El titular de Servicios P\u00fablicos de la Municipalidad de Ushuaia explic\u00f3 en Radio Provincia la tarea que se realiza y dijo que \u00abcuando se repaviment\u00f3 la Ruta 3 en algunos sectores Vialidad encauz\u00f3 bien las alcantarillas, cosa que en algunos [&hellip;]<\/p>\n","protected":false},"author":7,"featured_media":0,"comment_status":"open","ping_status":"open","sticky":false,"template":"","format":"standard","meta":{"footnotes":""},"categories":[543,3],"tags":[122,360],"class_list":["post-2624","post","type-post","status-publish","format-standard","hentry","category-fm-universidad","category-radio-provincia","tag-cano","tag-fadul"],"_links":{"self":[{"href":"https:\/\/archivosonoro.com.ar\/wordpress\/index.php?rest_route=\/wp\/v2\/posts\/2624","targetHints":{"allow":["GET"]}}],"collection":[{"href":"https:\/\/archivosonoro.com.ar\/wordpress\/index.php?rest_route=\/wp\/v2\/posts"}],"about":[{"href":"https:\/\/archivosonoro.com.ar\/wordpress\/index.php?rest_route=\/wp\/v2\/types\/post"}],"author":[{"embeddable":true,"href":"https:\/\/archivosonoro.com.ar\/wordpress\/index.php?rest_route=\/wp\/v2\/users\/7"}],"replies":[{"embeddable":true,"href":"https:\/\/archivosonoro.com.ar\/wordpress\/index.php?rest_route=%2Fwp%2Fv2%2Fcomments&post=2624"}],"version-history":[{"count":1,"href":"https:\/\/archivosonoro.com.ar\/wordpress\/index.php?rest_route=\/wp\/v2\/posts\/2624\/revisions"}],"predecessor-version":[{"id":2625,"href":"https:\/\/archivosonoro.com.ar\/wordpress\/index.php?rest_route=\/wp\/v2\/posts\/2624\/revisions\/2625"}],"wp:attachment":[{"href":"https:\/\/archivosonoro.com.ar\/wordpress\/index.php?rest_route=%2Fwp%2Fv2%2Fmedia&parent=2624"}],"wp:term":[{"taxonomy":"category","embeddable":true,"href":"https:\/\/archivosonoro.com.ar\/wordpress\/index.php?rest_route=%2Fwp%2Fv2%2Fcategories&post=2624"},{"taxonomy":"post_tag","embeddable":true,"href":"https:\/\/archivosonoro.com.ar\/wordpress\/index.php?rest_route=%2Fwp%2Fv2%2Ftags&post=2624"}],"curies":[{"name":"wp","href":"https:\/\/api.w.org\/{rel}","templated":true}]}}