{"id":2620,"date":"2012-08-09T11:05:14","date_gmt":"2012-08-09T14:05:14","guid":{"rendered":"http:\/\/archivosonoro.com.ar\/?p=2620"},"modified":"2012-08-09T11:05:14","modified_gmt":"2012-08-09T14:05:14","slug":"ravaglia-d-centurion-tendria-que-cuidar-un-poco-mas-a-las-personas-que-titulan-en-la-tapa","status":"publish","type":"post","link":"https:\/\/archivosonoro.com.ar\/wordpress\/?p=2620","title":{"rendered":"Ravaglia D: \u00abCenturi\u00f3n tendr\u00eda que cuidar un poco m\u00e1s a las personas que titulan en la tapa\u00bb."},"content":{"rendered":"<p>El Secretario de la jefatura de Gabinete critic\u00f3 el t\u00edtulo del diario Provincia 23 relacionado con la renuncia de Fabio Delamata: \u00abMe parece que es un titular que conlleva alg\u00fan tipo de irresponsabilidad\u00bb, dijo en FM Ritual, resaltando que los cambios en el gabinete son permanentes y que la renuncia de casi todos los funcionarios se encuentran en el despacho de la gobernadora; \u00abyo respeto mucho a Centuri\u00f3n pero tendr\u00eda que cuidar un poco m\u00e1s a las personas que titulan en la tapa porque muchas veces se exceden, seguramente por un mal manejo del lenguaje\u00bb, agreg\u00f3.<br \/>\nDaniel Ravaglia respondi\u00f3 adem\u00e1s sobre la situaci\u00f3n de alumnos y docentes del Colegio Maradona de R\u00edo Grande que fueron trasladados en la tarde de ayer al Hospital por una intoxicaci\u00f3n. En FM Ritual puso en relieve \u00abel da\u00f1o que le est\u00e1n produciendo a la persona que tiene la empresa de desinfecci\u00f3n\u00bb. Asegur\u00f3 que se utiliz\u00f3 el producto correcto; que se tomaron todas las medidas de precauci\u00f3n; deslind\u00f3 la responsabilidad del Ministerio de Educaci\u00f3n y reprob\u00f3 el tratamiento de los medios.<\/p>\n","protected":false},"excerpt":{"rendered":"<p>El Secretario de la jefatura de Gabinete critic\u00f3 el t\u00edtulo del diario Provincia 23 relacionado con la renuncia de Fabio Delamata: \u00abMe parece que es un titular que conlleva alg\u00fan tipo de irresponsabilidad\u00bb, dijo en FM Ritual, resaltando que los cambios en el gabinete son permanentes y que la renuncia de casi todos los funcionarios [&hellip;]<\/p>\n","protected":false},"author":7,"featured_media":0,"comment_status":"open","ping_status":"open","sticky":false,"template":"","format":"standard","meta":{"footnotes":""},"categories":[542],"tags":[779,770,458,165],"class_list":["post-2620","post","type-post","status-publish","format-standard","hentry","category-fm-ritual","tag-centurion","tag-colegio-maradona","tag-delamata","tag-ravaglia"],"_links":{"self":[{"href":"https:\/\/archivosonoro.com.ar\/wordpress\/index.php?rest_route=\/wp\/v2\/posts\/2620","targetHints":{"allow":["GET"]}}],"collection":[{"href":"https:\/\/archivosonoro.com.ar\/wordpress\/index.php?rest_route=\/wp\/v2\/posts"}],"about":[{"href":"https:\/\/archivosonoro.com.ar\/wordpress\/index.php?rest_route=\/wp\/v2\/types\/post"}],"author":[{"embeddable":true,"href":"https:\/\/archivosonoro.com.ar\/wordpress\/index.php?rest_route=\/wp\/v2\/users\/7"}],"replies":[{"embeddable":true,"href":"https:\/\/archivosonoro.com.ar\/wordpress\/index.php?rest_route=%2Fwp%2Fv2%2Fcomments&post=2620"}],"version-history":[{"count":1,"href":"https:\/\/archivosonoro.com.ar\/wordpress\/index.php?rest_route=\/wp\/v2\/posts\/2620\/revisions"}],"predecessor-version":[{"id":2621,"href":"https:\/\/archivosonoro.com.ar\/wordpress\/index.php?rest_route=\/wp\/v2\/posts\/2620\/revisions\/2621"}],"wp:attachment":[{"href":"https:\/\/archivosonoro.com.ar\/wordpress\/index.php?rest_route=%2Fwp%2Fv2%2Fmedia&parent=2620"}],"wp:term":[{"taxonomy":"category","embeddable":true,"href":"https:\/\/archivosonoro.com.ar\/wordpress\/index.php?rest_route=%2Fwp%2Fv2%2Fcategories&post=2620"},{"taxonomy":"post_tag","embeddable":true,"href":"https:\/\/archivosonoro.com.ar\/wordpress\/index.php?rest_route=%2Fwp%2Fv2%2Ftags&post=2620"}],"curies":[{"name":"wp","href":"https:\/\/api.w.org\/{rel}","templated":true}]}}