{"id":2618,"date":"2012-08-08T12:02:01","date_gmt":"2012-08-08T15:02:01","guid":{"rendered":"http:\/\/archivosonoro.com.ar\/?p=2618"},"modified":"2012-08-08T12:02:01","modified_gmt":"2012-08-08T15:02:01","slug":"choferes-de-desarrollo-social-fueron-notificados-para-que-dejen-de-prestar-servicios","status":"publish","type":"post","link":"https:\/\/archivosonoro.com.ar\/wordpress\/?p=2618","title":{"rendered":"Choferes de Desarrollo Social fueron notificados para que dejen de prestar servicios."},"content":{"rendered":"<p>Choferes de Desarrollo Social reclaman que hace 5 meses est\u00e1n sin contrato y que el 3 de agosto fueron notificados para que dejen de prestar servicio.\u00bbEstamos todos los choferes en las 60 viviendas a ver que soluci\u00f3n nos dan\u00bb, dijo Robledo en FM Radio Uno. Adem\u00e1s, se\u00f1al\u00f3 que fracas\u00f3 esta ma\u00f1ana una reuni\u00f3n con la Ministra Montero en la Legislatura provincial y que est\u00e1n a la espera de realizar este encuentro.<\/p>\n","protected":false},"excerpt":{"rendered":"<p>Choferes de Desarrollo Social reclaman que hace 5 meses est\u00e1n sin contrato y que el 3 de agosto fueron notificados para que dejen de prestar servicio.\u00bbEstamos todos los choferes en las 60 viviendas a ver que soluci\u00f3n nos dan\u00bb, dijo Robledo en FM Radio Uno. Adem\u00e1s, se\u00f1al\u00f3 que fracas\u00f3 esta ma\u00f1ana una reuni\u00f3n con la [&hellip;]<\/p>\n","protected":false},"author":7,"featured_media":0,"comment_status":"open","ping_status":"open","sticky":false,"template":"","format":"standard","meta":{"footnotes":""},"categories":[41],"tags":[323,778],"class_list":["post-2618","post","type-post","status-publish","format-standard","hentry","category-radio-uno","tag-montero","tag-robledo"],"_links":{"self":[{"href":"https:\/\/archivosonoro.com.ar\/wordpress\/index.php?rest_route=\/wp\/v2\/posts\/2618","targetHints":{"allow":["GET"]}}],"collection":[{"href":"https:\/\/archivosonoro.com.ar\/wordpress\/index.php?rest_route=\/wp\/v2\/posts"}],"about":[{"href":"https:\/\/archivosonoro.com.ar\/wordpress\/index.php?rest_route=\/wp\/v2\/types\/post"}],"author":[{"embeddable":true,"href":"https:\/\/archivosonoro.com.ar\/wordpress\/index.php?rest_route=\/wp\/v2\/users\/7"}],"replies":[{"embeddable":true,"href":"https:\/\/archivosonoro.com.ar\/wordpress\/index.php?rest_route=%2Fwp%2Fv2%2Fcomments&post=2618"}],"version-history":[{"count":1,"href":"https:\/\/archivosonoro.com.ar\/wordpress\/index.php?rest_route=\/wp\/v2\/posts\/2618\/revisions"}],"predecessor-version":[{"id":2619,"href":"https:\/\/archivosonoro.com.ar\/wordpress\/index.php?rest_route=\/wp\/v2\/posts\/2618\/revisions\/2619"}],"wp:attachment":[{"href":"https:\/\/archivosonoro.com.ar\/wordpress\/index.php?rest_route=%2Fwp%2Fv2%2Fmedia&parent=2618"}],"wp:term":[{"taxonomy":"category","embeddable":true,"href":"https:\/\/archivosonoro.com.ar\/wordpress\/index.php?rest_route=%2Fwp%2Fv2%2Fcategories&post=2618"},{"taxonomy":"post_tag","embeddable":true,"href":"https:\/\/archivosonoro.com.ar\/wordpress\/index.php?rest_route=%2Fwp%2Fv2%2Ftags&post=2618"}],"curies":[{"name":"wp","href":"https:\/\/api.w.org\/{rel}","templated":true}]}}