{"id":2612,"date":"2012-08-08T10:43:06","date_gmt":"2012-08-08T13:43:06","guid":{"rendered":"http:\/\/archivosonoro.com.ar\/?p=2612"},"modified":"2012-08-08T10:43:06","modified_gmt":"2012-08-08T13:43:06","slug":"cordoba-m-ate-podria-acordar-hoy-con-el-municipio-de-rio-grande","status":"publish","type":"post","link":"https:\/\/archivosonoro.com.ar\/wordpress\/?p=2612","title":{"rendered":"C\u00f3rdoba M: ATE podr\u00eda acordar hoy con el Municipio de R\u00edo Grande."},"content":{"rendered":"<p>Marcelo C\u00f3rdoba anunci\u00f3 que hoy se analizar\u00e1 con el cuerpo de delegados la propuesta del ejecutivo municipal de R\u00edo Grande y se\u00f1al\u00f3 que se mejor\u00f3 la propuesta inicial: \u00abestamos cerca, es posible que hoy haya una definici\u00f3n\u00bb, dijo en FM Universidad.<br \/>\nEl Secretario General de ATE no quiso opinar de lo que haga el otro sindicato \u00ablo que no vamos a hacer nosotros es actuar irresponsablemente que es llevar una expectativa a los trabajadores que despu\u00e9s no la pod\u00e9s cumplir\u00bb.<br \/>\nEn relaci\u00f3n a la escala salarial de los estatales provinciales dijo que est\u00e1 muy relegada y resalt\u00f3 que \u00ablas pol\u00edticas de estado de este gobierno son las m\u00e1s lamentables de los \u00faltimos a\u00f1os\u00bb.<br \/>\nFinalizando la entrevista, opin\u00f3 sobre las declaraciones de la Diputada Bertone en relaci\u00f3n a un co-gobierno con la UCR y el MPF; expres\u00f3 que hay legisladores que tienen p\u00e1nico de opinar en contra del gobierno y asegur\u00f3 que dentro del sindicato \u00abvemos que hay un acuerdo pol\u00edtico vaya a saber para que\u00bb.<\/p>\n","protected":false},"excerpt":{"rendered":"<p>Marcelo C\u00f3rdoba anunci\u00f3 que hoy se analizar\u00e1 con el cuerpo de delegados la propuesta del ejecutivo municipal de R\u00edo Grande y se\u00f1al\u00f3 que se mejor\u00f3 la propuesta inicial: \u00abestamos cerca, es posible que hoy haya una definici\u00f3n\u00bb, dijo en FM Universidad. El Secretario General de ATE no quiso opinar de lo que haga el otro [&hellip;]<\/p>\n","protected":false},"author":7,"featured_media":0,"comment_status":"open","ping_status":"open","sticky":false,"template":"","format":"standard","meta":{"footnotes":""},"categories":[543],"tags":[10,13,481,87],"class_list":["post-2612","post","type-post","status-publish","format-standard","hentry","category-fm-universidad","tag-ate","tag-cordoba","tag-mpf","tag-ucr"],"_links":{"self":[{"href":"https:\/\/archivosonoro.com.ar\/wordpress\/index.php?rest_route=\/wp\/v2\/posts\/2612","targetHints":{"allow":["GET"]}}],"collection":[{"href":"https:\/\/archivosonoro.com.ar\/wordpress\/index.php?rest_route=\/wp\/v2\/posts"}],"about":[{"href":"https:\/\/archivosonoro.com.ar\/wordpress\/index.php?rest_route=\/wp\/v2\/types\/post"}],"author":[{"embeddable":true,"href":"https:\/\/archivosonoro.com.ar\/wordpress\/index.php?rest_route=\/wp\/v2\/users\/7"}],"replies":[{"embeddable":true,"href":"https:\/\/archivosonoro.com.ar\/wordpress\/index.php?rest_route=%2Fwp%2Fv2%2Fcomments&post=2612"}],"version-history":[{"count":2,"href":"https:\/\/archivosonoro.com.ar\/wordpress\/index.php?rest_route=\/wp\/v2\/posts\/2612\/revisions"}],"predecessor-version":[{"id":2614,"href":"https:\/\/archivosonoro.com.ar\/wordpress\/index.php?rest_route=\/wp\/v2\/posts\/2612\/revisions\/2614"}],"wp:attachment":[{"href":"https:\/\/archivosonoro.com.ar\/wordpress\/index.php?rest_route=%2Fwp%2Fv2%2Fmedia&parent=2612"}],"wp:term":[{"taxonomy":"category","embeddable":true,"href":"https:\/\/archivosonoro.com.ar\/wordpress\/index.php?rest_route=%2Fwp%2Fv2%2Fcategories&post=2612"},{"taxonomy":"post_tag","embeddable":true,"href":"https:\/\/archivosonoro.com.ar\/wordpress\/index.php?rest_route=%2Fwp%2Fv2%2Ftags&post=2612"}],"curies":[{"name":"wp","href":"https:\/\/api.w.org\/{rel}","templated":true}]}}