{"id":2610,"date":"2012-08-08T10:24:27","date_gmt":"2012-08-08T13:24:27","guid":{"rendered":"http:\/\/archivosonoro.com.ar\/?p=2610"},"modified":"2012-08-08T10:24:27","modified_gmt":"2012-08-08T13:24:27","slug":"melella-g-reclamo-que-la-uif-aparece-solo-cuando-se-discute-la-tarifaria","status":"publish","type":"post","link":"https:\/\/archivosonoro.com.ar\/wordpress\/?p=2610","title":{"rendered":"Melella G: Reclam\u00f3 que la UIF aparece solo cuando se discute la tarifaria."},"content":{"rendered":"<p>El Intendente de R\u00edo Grande admiti\u00f3 la falta de inversi\u00f3n en Obras Sanitarias y anunci\u00f3 la compra de plantas modulares con los 8 millones de pesos que el gobierno cancel\u00f3 de la deuda hist\u00f3rica y la construcci\u00f3n de una nueva planta potabilizadora con fondos del Fideicomiso Austral con lo que se resolver\u00eda el problema.<br \/>\nGustavo Melella respondi\u00f3 sobre el estado de las calles de Chacra XIII: \u00able he pedido al IPV si pod\u00eda hacerse cargo, y era el compromiso de ellos\u00bb, asegur\u00f3 en FM Ritual confirmando que la municipalidad cuenta con escasa maquinaria.<br \/>\nFinalmente explic\u00f3 el plan de puesta en valor del parque industrial reclamando presencia en la ciudad de la UIF no solo cuando se enojan porque se pretende modificar la tarifaria y confirm\u00f3 que hoy se reunir\u00e1 con ATE, ASOEM y Obras Sanitarias para abordar el pedido de recomposici\u00f3n salarial.<\/p>\n","protected":false},"excerpt":{"rendered":"<p>El Intendente de R\u00edo Grande admiti\u00f3 la falta de inversi\u00f3n en Obras Sanitarias y anunci\u00f3 la compra de plantas modulares con los 8 millones de pesos que el gobierno cancel\u00f3 de la deuda hist\u00f3rica y la construcci\u00f3n de una nueva planta potabilizadora con fondos del Fideicomiso Austral con lo que se resolver\u00eda el problema. Gustavo [&hellip;]<\/p>\n","protected":false},"author":7,"featured_media":0,"comment_status":"open","ping_status":"open","sticky":false,"template":"","format":"standard","meta":{"footnotes":""},"categories":[542],"tags":[74],"class_list":["post-2610","post","type-post","status-publish","format-standard","hentry","category-fm-ritual","tag-melella"],"_links":{"self":[{"href":"https:\/\/archivosonoro.com.ar\/wordpress\/index.php?rest_route=\/wp\/v2\/posts\/2610","targetHints":{"allow":["GET"]}}],"collection":[{"href":"https:\/\/archivosonoro.com.ar\/wordpress\/index.php?rest_route=\/wp\/v2\/posts"}],"about":[{"href":"https:\/\/archivosonoro.com.ar\/wordpress\/index.php?rest_route=\/wp\/v2\/types\/post"}],"author":[{"embeddable":true,"href":"https:\/\/archivosonoro.com.ar\/wordpress\/index.php?rest_route=\/wp\/v2\/users\/7"}],"replies":[{"embeddable":true,"href":"https:\/\/archivosonoro.com.ar\/wordpress\/index.php?rest_route=%2Fwp%2Fv2%2Fcomments&post=2610"}],"version-history":[{"count":1,"href":"https:\/\/archivosonoro.com.ar\/wordpress\/index.php?rest_route=\/wp\/v2\/posts\/2610\/revisions"}],"predecessor-version":[{"id":2611,"href":"https:\/\/archivosonoro.com.ar\/wordpress\/index.php?rest_route=\/wp\/v2\/posts\/2610\/revisions\/2611"}],"wp:attachment":[{"href":"https:\/\/archivosonoro.com.ar\/wordpress\/index.php?rest_route=%2Fwp%2Fv2%2Fmedia&parent=2610"}],"wp:term":[{"taxonomy":"category","embeddable":true,"href":"https:\/\/archivosonoro.com.ar\/wordpress\/index.php?rest_route=%2Fwp%2Fv2%2Fcategories&post=2610"},{"taxonomy":"post_tag","embeddable":true,"href":"https:\/\/archivosonoro.com.ar\/wordpress\/index.php?rest_route=%2Fwp%2Fv2%2Ftags&post=2610"}],"curies":[{"name":"wp","href":"https:\/\/api.w.org\/{rel}","templated":true}]}}